{"id":24260,"date":"2023-10-31T10:07:55","date_gmt":"2023-10-31T10:07:55","guid":{"rendered":"https:\/\/dekkbi.com\/?p=24260"},"modified":"2023-10-31T10:07:56","modified_gmt":"2023-10-31T10:07:56","slug":"cooperation-migration-dakar-et-madrid-veulent-intensifier-la-lutte-contre-les-reseaux-de-trafic-de-migrants","status":"publish","type":"post","link":"https:\/\/dekkbi.com\/?p=24260","title":{"rendered":"COOPERATION-MIGRATION \/ Dakar et Madrid veulent intensifier la lutte contre \u00a0\u00ab\u00a0les r\u00e9seaux de trafic de migrants\u00a0\u00bb"},"content":{"rendered":"\n<p>Dakar, (APS) \u2013 Le S\u00e9n\u00e9gal et l\u2019Espagne travaillent ensemble pour d\u00e9manteler les r\u00e9seaux de trafiquants de migrants, ont indiqu\u00e9 lundi, \u00e0 Dakar les ministres de l\u2019Int\u00e9rieur des deux pays, mettant en exergue les efforts d\u00e9ploy\u00e9s par les forces de s\u00e9curit\u00e9 pour endiguer ce ph\u00e9nom\u00e8ne qui a pris de l\u2019ampleur ces derni\u00e8re semaines. \u00bbLa marine nationale, la gendarmerie, la police et la guardia espagnole travaillent ensemble. Nous travaillons ensemble pour d\u00e9manteler le r\u00e9seau de la migration irr\u00e9guli\u00e8re\u2019\u2019, a d\u00e9clar\u00e9 Fernado Grande Marlaska au sortir d\u2019une r\u00e9union avec son homologue s\u00e9n\u00e9galais Sidiki Kaba. \u00bb (\u2026) nous allons faire ensemble la lutte contre la migration irr\u00e9guli\u00e8re qui constitue un danger pour les personnes \u00bb, a ajout\u00e9 l\u2019officiel espagnol.Son homologue s\u00e9n\u00e9galais a abond\u00e9 dans le m\u00eame sens. \u00bbNous avons pu analyser la question de l\u2019immigration. Nous sommes convenus que c\u2019est un d\u00e9fi \u00e9norme qui est pos\u00e9 aussi bien \u00e0 l\u2019Espagne, pour l\u2019Union europ\u00e9enne et pour l\u2019ensemble de nos partenaires. Nous sommes convenus que ce qui est \u00e0 combattre avec force c\u2019est l\u2019immigration irr\u00e9guli\u00e8re \u00bb, a soulign\u00e9 Sidiki Kaba, le ministre s\u00e9n\u00e9galais de l\u2019int\u00e9rieur et de la s\u00e9curit\u00e9 publique.Il a indiqu\u00e9 que dans ce sens que  \u00bble S\u00e9n\u00e9gal a montr\u00e9 sa d\u00e9termination, (\u2026), en mobilisant l\u2019ensemble des forces de d\u00e9fense et de s\u00e9curit\u00e9, \u00e0 la fois la gendarmerie, la police, les pompiers, la marine, donc les Arm\u00e9es (\u2026) pour arraisonner ces bateaux qui transportent les migrants avec la complicit\u00e9 surtout d\u2019un certain nombre de r\u00e9seaux qui sont \u00e0 l\u2019origine de ce trafic, des r\u00e9seaux qu\u2019il faudrait combattre\u2019\u2019, a t-il dit.<\/p>\n\n\n\n<p>Selon lui,  \u00bble nombre d\u2019arraisonnement de bateaux, de navires et pirogues clandestins a pu d\u00e9montrer des r\u00e9sultats satisfaisants. Et pas moins de sept mille arrestations ont \u00e9t\u00e9 r\u00e9alis\u00e9es \u00bb.  \u00bbC\u2019est des chiffres tr\u00e8s importants. Ceux qui s\u2019adonnent \u00e0 cette pratique sont arr\u00eat\u00e9s et traduits devant la justice. Ce qui montre la d\u00e9termination du S\u00e9n\u00e9gal \u00e0 lutter contre ce ph\u00e9nom\u00e8ne \u00bb\u2019, a t-il salu\u00e9.Il s\u2019est aussi f\u00e9licit\u00e9 de l\u2019\u00e9tat de la coop\u00e9ration entre le S\u00e9n\u00e9gal et l\u2019Espagne.  \u00bbC\u2019est une coop\u00e9ration efficiente depuis 2006 et nous nous sommes engag\u00e9s ensemble pour la renforcer. Car elle est tr\u00e8s fondamentale et importante \u00bb, a t-il dit. \u00bbNous sommes convenus, a t-il ajout\u00e9, que nos deux pays doivent continuer \u00e0 travailler dans le cadre de l\u2019Union europ\u00e9enne pour essayer davantage de trouver les meilleures solutions \u00e0 l\u2019avenir pour que le partenariat entre nous puisse d\u00e9boucher sur des r\u00e9sultats positifs entre nos deux pays \u00bb.<\/p>\n\n\n\n<p>DOB\/OID<\/p>\n","protected":false},"excerpt":{"rendered":"<p>Dakar, (APS) \u2013 Le S\u00e9n\u00e9gal et l\u2019Espagne travaillent ensemble pour d\u00e9manteler les r\u00e9seaux de trafiquants de migrants, ont indiqu\u00e9 lundi,<\/p>\n","protected":false},"author":1,"featured_media":24261,"comment_status":"open","ping_status":"open","sticky":false,"template":"","format":"standard","meta":{"footnotes":""},"categories":[21],"tags":[],"class_list":["post-24260","post","type-post","status-publish","format-standard","has-post-thumbnail","hentry","category-societe"],"_links":{"self":[{"href":"https:\/\/dekkbi.com\/index.php?rest_route=\/wp\/v2\/posts\/24260","targetHints":{"allow":["GET"]}}],"collection":[{"href":"https:\/\/dekkbi.com\/index.php?rest_route=\/wp\/v2\/posts"}],"about":[{"href":"https:\/\/dekkbi.com\/index.php?rest_route=\/wp\/v2\/types\/post"}],"author":[{"embeddable":true,"href":"https:\/\/dekkbi.com\/index.php?rest_route=\/wp\/v2\/users\/1"}],"replies":[{"embeddable":true,"href":"https:\/\/dekkbi.com\/index.php?rest_route=%2Fwp%2Fv2%2Fcomments&post=24260"}],"version-history":[{"count":1,"href":"https:\/\/dekkbi.com\/index.php?rest_route=\/wp\/v2\/posts\/24260\/revisions"}],"predecessor-version":[{"id":24262,"href":"https:\/\/dekkbi.com\/index.php?rest_route=\/wp\/v2\/posts\/24260\/revisions\/24262"}],"wp:featuredmedia":[{"embeddable":true,"href":"https:\/\/dekkbi.com\/index.php?rest_route=\/wp\/v2\/media\/24261"}],"wp:attachment":[{"href":"https:\/\/dekkbi.com\/index.php?rest_route=%2Fwp%2Fv2%2Fmedia&parent=24260"}],"wp:term":[{"taxonomy":"category","embeddable":true,"href":"https:\/\/dekkbi.com\/index.php?rest_route=%2Fwp%2Fv2%2Fcategories&post=24260"},{"taxonomy":"post_tag","embeddable":true,"href":"https:\/\/dekkbi.com\/index.php?rest_route=%2Fwp%2Fv2%2Ftags&post=24260"}],"curies":[{"name":"wp","href":"https:\/\/api.w.org\/{rel}","templated":true}]}}