{"id":24192,"date":"2023-10-30T09:51:45","date_gmt":"2023-10-30T09:51:45","guid":{"rendered":"https:\/\/dekkbi.com\/?p=24192"},"modified":"2023-10-30T09:51:46","modified_gmt":"2023-10-30T09:51:46","slug":"incidents-om-ol-le-football-francais-sous-le-choc-et-sous-pression","status":"publish","type":"post","link":"https:\/\/dekkbi.com\/?p=24192","title":{"rendered":"Incidents OM\/OL: le football fran\u00e7ais sous le choc et sous pression"},"content":{"rendered":"\n<p>Le football fran\u00e7ais est sous le choc et sous une forte pression apr\u00e8s les graves incidents ayant entra\u00een\u00e9 l&rsquo;annulation du match OM-Lyon dimanche, le gouvernement pointant du doigt lundi la responsabilit\u00e9 des clubs et de la Ligue.Trois semaines apr\u00e8s l&rsquo;interruption de la rencontre entre Montpellier et Clermont apr\u00e8s le jet d&rsquo;un p\u00e9tard sur la pelouse, le 8 octobre, la violence est mont\u00e9e d&rsquo;un cran autour des matches de Ligue 1 avec le caillassage du car de l&rsquo;\u00e9quipe lyonnaise sur la route du stade V\u00e9lodrome. Une impressionnante photo du visage en sang de l&rsquo;entra\u00eeneur de l&rsquo;OL Fabio Grosso s&rsquo;\u00e9tale ainsi \u00e0 la Une du quotidien L&rsquo;Equipe et restera l&rsquo;image forte d&rsquo;une nouvelle soir\u00e9e cauchemardesque pour la L1.L&rsquo;adjoint du technicien italien, Raffaele Longo, a aussi \u00e9t\u00e9 bless\u00e9, et des cars de supporters lyonnais ont \u00e9galement \u00e9t\u00e9 vis\u00e9s avant que la partie ne soit report\u00e9e par la Ligue de football professionnel (LFP) apr\u00e8s la r\u00e9union d&rsquo;une cellule de crise.Au moment o\u00f9 la LFP est engag\u00e9e dans une n\u00e9gociation d\u00e9licate pour attribuer les droits domestiques et internationaux de la L1 \u00e0 partir de la saison 2024-2025, ces \u00e9v\u00e9nements tombent au plus mal et sont une tr\u00e8s mauvaise publicit\u00e9 pour le football fran\u00e7ais.Les faits s&rsquo;\u00e9tant d\u00e9roul\u00e9s en dehors du stade, les clubs ne sont th\u00e9oriquement pas r\u00e9pr\u00e9hensibles, selon les r\u00e8glements de la LFP, mais le quotidien L&rsquo;Equipe \u00e9voque des chants et des gestes \u00e0 caract\u00e8re raciste de la part des fans lyonnais pr\u00e9sents dans le parcage visiteurs du V\u00e9lodrome, qui pourraient faire l&rsquo;objet de sanctions, comme celles subies par le PSG apr\u00e8s les chants homophobes entendus lors du clasico contre l&rsquo;OM, le 24 septembre au Parc des Princes.<\/p>\n\n\n\n<p><\/p>\n","protected":false},"excerpt":{"rendered":"<p>Le football fran\u00e7ais est sous le choc et sous une forte pression apr\u00e8s les graves incidents ayant entra\u00een\u00e9 l&rsquo;annulation du<\/p>\n","protected":false},"author":1,"featured_media":24193,"comment_status":"open","ping_status":"open","sticky":false,"template":"","format":"standard","meta":{"footnotes":""},"categories":[9],"tags":[],"class_list":["post-24192","post","type-post","status-publish","format-standard","has-post-thumbnail","hentry","category-sports"],"_links":{"self":[{"href":"https:\/\/dekkbi.com\/index.php?rest_route=\/wp\/v2\/posts\/24192","targetHints":{"allow":["GET"]}}],"collection":[{"href":"https:\/\/dekkbi.com\/index.php?rest_route=\/wp\/v2\/posts"}],"about":[{"href":"https:\/\/dekkbi.com\/index.php?rest_route=\/wp\/v2\/types\/post"}],"author":[{"embeddable":true,"href":"https:\/\/dekkbi.com\/index.php?rest_route=\/wp\/v2\/users\/1"}],"replies":[{"embeddable":true,"href":"https:\/\/dekkbi.com\/index.php?rest_route=%2Fwp%2Fv2%2Fcomments&post=24192"}],"version-history":[{"count":1,"href":"https:\/\/dekkbi.com\/index.php?rest_route=\/wp\/v2\/posts\/24192\/revisions"}],"predecessor-version":[{"id":24194,"href":"https:\/\/dekkbi.com\/index.php?rest_route=\/wp\/v2\/posts\/24192\/revisions\/24194"}],"wp:featuredmedia":[{"embeddable":true,"href":"https:\/\/dekkbi.com\/index.php?rest_route=\/wp\/v2\/media\/24193"}],"wp:attachment":[{"href":"https:\/\/dekkbi.com\/index.php?rest_route=%2Fwp%2Fv2%2Fmedia&parent=24192"}],"wp:term":[{"taxonomy":"category","embeddable":true,"href":"https:\/\/dekkbi.com\/index.php?rest_route=%2Fwp%2Fv2%2Fcategories&post=24192"},{"taxonomy":"post_tag","embeddable":true,"href":"https:\/\/dekkbi.com\/index.php?rest_route=%2Fwp%2Fv2%2Ftags&post=24192"}],"curies":[{"name":"wp","href":"https:\/\/api.w.org\/{rel}","templated":true}]}}