{"id":2418,"date":"2022-10-27T09:52:48","date_gmt":"2022-10-27T09:52:48","guid":{"rendered":"https:\/\/dekkbi.com\/?p=2418"},"modified":"2022-10-27T09:54:39","modified_gmt":"2022-10-27T09:54:39","slug":"guerre-en-ukraine-une-centrale-electrique-en-crimee-visee-par-une-attaque-de-drone","status":"publish","type":"post","link":"https:\/\/dekkbi.com\/?p=2418","title":{"rendered":"Guerre en Ukraine : une centrale \u00e9lectrique en Crim\u00e9e vis\u00e9e par une attaque de drone"},"content":{"rendered":"\n<p><strong>CE QU&rsquo;IL FAUT SAVOIR<\/strong><\/p>\n\n\n\n<p>Les autorit\u00e9s de la p\u00e9ninsule de Crim\u00e9e, annex\u00e9e par la Russie, ont annonc\u00e9 jeudi 27&nbsp;octobre que&nbsp;la centrale thermique de Balaklava&nbsp;avait \u00e9t\u00e9 vis\u00e9e dans la nuit par une attaque de drone.<em>&nbsp;\u00ab\u00a0Le transformateur a subi des d\u00e9g\u00e2ts minimes. Il n&rsquo;y a pas eu de victime\u00a0\u00bb<\/em>, a fait savoir sur Telegram&nbsp;le gouverneur de S\u00e9bastopol, Mikha\u00efl Razvoja\u00efev. Il&nbsp;pr\u00e9cise que&nbsp;<em>\u00ab\u00a0l&rsquo;incident n&rsquo;affecte pas l&rsquo;approvisionnement en \u00e9lectricit\u00e9 de S\u00e9bastopol et de la p\u00e9ninsule\u00a0\u00bb<\/em>. Le transformateur de la centrale, qui a pris feu,&nbsp;<em>\u00ab\u00a0\u00e9tait en maintenance et ne fonctionnait pas\u00a0\u00bb<\/em>, et&nbsp;<em>\u00ab\u00a0les travailleurs de la centrale ont rapidement g\u00e9r\u00e9 l&rsquo;incendie\u00a0\u00bb<\/em>. Suivez la situation dans notre direct.<\/p>\n\n\n\n<p>&nbsp;<strong>La France ne se met pas en difficult\u00e9 en fournissant des armes \u00e0 Kiev.&nbsp;<\/strong>La France, qui&nbsp;fournit \u00e0 l&rsquo;Ukraine&nbsp;du mat\u00e9riel militaire&nbsp;depuis le d\u00e9but de l&rsquo;invasion russe, ne proc\u00e8de \u00e0 aucune cession susceptible de mettre sa s\u00e9curit\u00e9 en danger.&nbsp;S\u00e9bastien Lecornu,&nbsp;le ministre des Arm\u00e9es, l&rsquo;a assur\u00e9 mercredi 26&nbsp;octobre&nbsp;lors d&rsquo;un d\u00e9bat sur le conflit, au S\u00e9nat. Les cessions se font&nbsp;<em>\u00ab\u00a0avec le pragmatisme qui nous conduit \u00e0 regarder la r\u00e9alit\u00e9 de nos stocks, mais aussi la r\u00e9alit\u00e9 des conseils que nous donnent nos g\u00e9n\u00e9raux\u00a0\u00bb<\/em>, a-t-il d\u00e9clar\u00e9.<\/p>\n\n\n\n<p>&nbsp;<strong>Violents affrontements&nbsp;dans l&rsquo;est de l&rsquo;Ukraine.<em>&nbsp;<\/em><\/strong><em>\u00ab\u00a0Des combats extr\u00eamement f\u00e9roces\u00a0\u00bb<\/em>&nbsp;ont lieu&nbsp;<em>\u00ab\u00a0pr\u00e8s de Bakhmout\u00a0\u00bb<\/em>, ville de la r\u00e9gion de Donetsk dans l&rsquo;est de l&rsquo;Ukraine,&nbsp;a affirm\u00e9 mercredi le pr\u00e9sident ukrainien Volodymyr Zelensky. Cette localit\u00e9 est&nbsp;une cible prioritaire de l&rsquo;arm\u00e9e russe depuis des mois. Les troupes de Moscou souhaitent \u00e0 tout prix obtenir un succ\u00e8s apr\u00e8s plusieurs revers depuis d\u00e9but septembre.<\/p>\n\n\n\n<p>&nbsp;<strong>Le pr\u00e9sident de la C\u00e9d\u00e9ao dit \u00ab\u00a0vouloir rapprocher\u00a0\u00bb l&rsquo;Ukraine et la Russie.<\/strong>&nbsp;L&rsquo;Afrique&nbsp;<em>\u00ab\u00a0porte la paix et veut rapprocher ces deux pays fr\u00e8res\u00a0\u00bb<\/em>, l&rsquo;Ukraine et la Russie, a d\u00e9clar\u00e9&nbsp;le pr\u00e9sident en exercice de la Communaut\u00e9 \u00e9conomique des Etats de l&rsquo;Afrique de l&rsquo;Ouest (C\u00e9d\u00e9ao), le Bissau-Guin\u00e9en Umaro Sissoco Embalo, lors d&rsquo;une visite en Ukraine. C&rsquo;est le premier&nbsp;pr\u00e9sident africain&nbsp;\u00e0 se rendre \u00e0 Kiev depuis le d\u00e9but de l&rsquo;invasion russe en Ukraine le 24 f\u00e9vrier.<\/p>\n","protected":false},"excerpt":{"rendered":"<p>CE QU&rsquo;IL FAUT SAVOIR Les autorit\u00e9s de la p\u00e9ninsule de Crim\u00e9e, annex\u00e9e par la Russie, ont annonc\u00e9 jeudi 27&nbsp;octobre que&nbsp;la<\/p>\n","protected":false},"author":1,"featured_media":2421,"comment_status":"open","ping_status":"open","sticky":false,"template":"","format":"standard","meta":{"footnotes":""},"categories":[26],"tags":[],"class_list":["post-2418","post","type-post","status-publish","format-standard","has-post-thumbnail","hentry","category-fait-divers"],"_links":{"self":[{"href":"https:\/\/dekkbi.com\/index.php?rest_route=\/wp\/v2\/posts\/2418","targetHints":{"allow":["GET"]}}],"collection":[{"href":"https:\/\/dekkbi.com\/index.php?rest_route=\/wp\/v2\/posts"}],"about":[{"href":"https:\/\/dekkbi.com\/index.php?rest_route=\/wp\/v2\/types\/post"}],"author":[{"embeddable":true,"href":"https:\/\/dekkbi.com\/index.php?rest_route=\/wp\/v2\/users\/1"}],"replies":[{"embeddable":true,"href":"https:\/\/dekkbi.com\/index.php?rest_route=%2Fwp%2Fv2%2Fcomments&post=2418"}],"version-history":[{"count":2,"href":"https:\/\/dekkbi.com\/index.php?rest_route=\/wp\/v2\/posts\/2418\/revisions"}],"predecessor-version":[{"id":2422,"href":"https:\/\/dekkbi.com\/index.php?rest_route=\/wp\/v2\/posts\/2418\/revisions\/2422"}],"wp:featuredmedia":[{"embeddable":true,"href":"https:\/\/dekkbi.com\/index.php?rest_route=\/wp\/v2\/media\/2421"}],"wp:attachment":[{"href":"https:\/\/dekkbi.com\/index.php?rest_route=%2Fwp%2Fv2%2Fmedia&parent=2418"}],"wp:term":[{"taxonomy":"category","embeddable":true,"href":"https:\/\/dekkbi.com\/index.php?rest_route=%2Fwp%2Fv2%2Fcategories&post=2418"},{"taxonomy":"post_tag","embeddable":true,"href":"https:\/\/dekkbi.com\/index.php?rest_route=%2Fwp%2Fv2%2Ftags&post=2418"}],"curies":[{"name":"wp","href":"https:\/\/api.w.org\/{rel}","templated":true}]}}