{"id":24178,"date":"2023-10-30T09:37:14","date_gmt":"2023-10-30T09:37:14","guid":{"rendered":"https:\/\/dekkbi.com\/?p=24178"},"modified":"2023-10-30T09:37:14","modified_gmt":"2023-10-30T09:37:14","slug":"francophonie-la-langue-francaise-prend-ses-quartiers-au-chateau-de-villers-cotterets","status":"publish","type":"post","link":"https:\/\/dekkbi.com\/?p=24178","title":{"rendered":"Francophonie: la langue fran\u00e7aise prend ses quartiers au ch\u00e2teau de Villers-Cotter\u00eats"},"content":{"rendered":"\n<p>La Cit\u00e9 internationale de la langue fran\u00e7aise ouvre ses portes \u00e0 Villers-Cotter\u00eats dans le d\u00e9partement de l\u2019Aisne, est inaugur\u00e9e ce lundi 30 octobre par le chef de l&rsquo;\u00c9tat. Emmanuel Macron a choisi l\u2019ancien ch\u00e2teau de Fran\u00e7ois 1er o\u00f9 fut sign\u00e9e en 1539 l\u2019ordonnance du m\u00eame nom pour abriter cette cit\u00e9 d\u2019un nouveau genre. C\u2019est et ce sera le seul grand chantier du chef de l\u2019\u00c9tat. <\/p>\n\n\n\n<p>C\u2019est le deuxi\u00e8me projet culturel le plus on\u00e9reux de l\u2019\u00c9tat, apr\u00e8s le chantier de Notre Dame de Paris. Le ch\u00e2teau de Villers Cotter\u00eats refait \u00e0 neuf dans les r\u00e8gles de l\u2019art, \u00e0 grands frais, aura co\u00fbt\u00e9 plus de 200 millions d\u2019euros. La restauration du b\u00e2timent de fond en comble aura mobilis\u00e9 600 ouvriers et artisans. Des orf\u00e8vres travaillant parfois nuit et jour pour faire rena\u00eetre ce ch\u00e2teau. Emmanuel Macron \u00e9tait candidat \u00e0 la pr\u00e9sidence de la r\u00e9publique lorsqu\u2019il passe par Villers Cotter\u00eats en mars 2017. Il tombe sur ce ch\u00e2teau Renaissance laiss\u00e9 \u00e0 l\u2019abandon et promet d\u2019en faire un haut lieu de culture. C\u2019\u00e9tait une ruine \u00e0 l\u2019\u00e9poque, ferm\u00e9e au public et en partie squatt\u00e9e.Sept ans plus tard, il en a fait un lieu moderne, pour raconter l\u2019histoire de cette langue qui fut impos\u00e9e au pays par Fran\u00e7ois Ier, puis \u00e0 une partie du monde par l\u2019aura culturelle de la France \u2013 le si\u00e8cle des Lumi\u00e8res \u2013, puis par la colonisation.<\/p>\n\n\n\n<p>RFI<\/p>\n","protected":false},"excerpt":{"rendered":"<p>La Cit\u00e9 internationale de la langue fran\u00e7aise ouvre ses portes \u00e0 Villers-Cotter\u00eats dans le d\u00e9partement de l\u2019Aisne, est inaugur\u00e9e ce<\/p>\n","protected":false},"author":1,"featured_media":24179,"comment_status":"open","ping_status":"open","sticky":false,"template":"","format":"standard","meta":{"footnotes":""},"categories":[21],"tags":[],"class_list":["post-24178","post","type-post","status-publish","format-standard","has-post-thumbnail","hentry","category-societe"],"_links":{"self":[{"href":"https:\/\/dekkbi.com\/index.php?rest_route=\/wp\/v2\/posts\/24178","targetHints":{"allow":["GET"]}}],"collection":[{"href":"https:\/\/dekkbi.com\/index.php?rest_route=\/wp\/v2\/posts"}],"about":[{"href":"https:\/\/dekkbi.com\/index.php?rest_route=\/wp\/v2\/types\/post"}],"author":[{"embeddable":true,"href":"https:\/\/dekkbi.com\/index.php?rest_route=\/wp\/v2\/users\/1"}],"replies":[{"embeddable":true,"href":"https:\/\/dekkbi.com\/index.php?rest_route=%2Fwp%2Fv2%2Fcomments&post=24178"}],"version-history":[{"count":1,"href":"https:\/\/dekkbi.com\/index.php?rest_route=\/wp\/v2\/posts\/24178\/revisions"}],"predecessor-version":[{"id":24180,"href":"https:\/\/dekkbi.com\/index.php?rest_route=\/wp\/v2\/posts\/24178\/revisions\/24180"}],"wp:featuredmedia":[{"embeddable":true,"href":"https:\/\/dekkbi.com\/index.php?rest_route=\/wp\/v2\/media\/24179"}],"wp:attachment":[{"href":"https:\/\/dekkbi.com\/index.php?rest_route=%2Fwp%2Fv2%2Fmedia&parent=24178"}],"wp:term":[{"taxonomy":"category","embeddable":true,"href":"https:\/\/dekkbi.com\/index.php?rest_route=%2Fwp%2Fv2%2Fcategories&post=24178"},{"taxonomy":"post_tag","embeddable":true,"href":"https:\/\/dekkbi.com\/index.php?rest_route=%2Fwp%2Fv2%2Ftags&post=24178"}],"curies":[{"name":"wp","href":"https:\/\/api.w.org\/{rel}","templated":true}]}}