{"id":24135,"date":"2023-10-29T10:28:35","date_gmt":"2023-10-29T10:28:35","guid":{"rendered":"https:\/\/dekkbi.com\/?p=24135"},"modified":"2023-10-29T10:28:36","modified_gmt":"2023-10-29T10:28:36","slug":"fermeture-de-lucad-le-saes-annonce-une-greve-les-6-et-7-novembre","status":"publish","type":"post","link":"https:\/\/dekkbi.com\/?p=24135","title":{"rendered":"Fermeture de l\u2019UCAD: le Saes annonce une gr\u00e8ve les 6 et 7 novembre\u00a0"},"content":{"rendered":"\n<p>Dakar,  (APS) \u2013 Le Syndicat autonome de l\u2019enseignement sup\u00e9rieur (SAES) a annonc\u00e9 une gr\u00e8ve de 48 heures les 6 et 7 novembre prochains en guise de protestation contre la fermeture de l\u2019Universit\u00e9 Cheikh Anta Diop de Dakar (UCAD).<\/p>\n\n\n\n<p>\u2018\u2019Le Saes d\u00e9cr\u00e8te un mot d\u2019ordre de gr\u00e8ve de 48h, les lundi 06 et mardi 07 novembre 2023 avec cessation des activit\u00e9s p\u00e9dagogiques (cours, soutenances, d\u00e9lib\u00e9rations y compris pour les formations payantes), et l\u2019arr\u00eat de toute participation \u00e0 des activit\u00e9s administratives et r\u00e9unions\u2019\u2019, pr\u00e9vient son bureau national.Dans un communiqu\u00e9 de presse, il demande aux militants l\u2019arr\u00eat imm\u00e9diat des cours dispens\u00e9s en ligne dans toutes les universit\u00e9s publiques construites sur le mod\u00e8le de l\u2019enseignement pr\u00e9sentiel et ferm\u00e9es pour des \u2018\u2019motifs politiques\u2019\u2019.<\/p>\n\n\n\n<p>Il demande aux militants de regagner les universit\u00e9s et de signer les p\u00e9titions pour la convocation des assembl\u00e9es de facult\u00e9s, pour exiger la r\u00e9ouverture sans d\u00e9lai et la s\u00e9curisation des universit\u00e9s.<\/p>\n\n\n\n<p>Dans le plan d\u2019action d\u00e9clin\u00e9, le SAES invite les coordinations \u00e0 faire des marches suivies de points de presse dans les diff\u00e9rents campus le lundi 6 novembre 2023 \u00e0 10h pour \u2018\u2019dire NON \u00e0 la forfaiture savamment organis\u00e9e\u2019\u2019.Il informe que \u2018\u2019la Conf\u00e9rence nationale des sections est convoqu\u00e9e le samedi 11 novembre 2023 \u00e0 l\u2019Universit\u00e9 Iba Der Thiam de Thi\u00e8s (UIDT) pour intensifier la lutte\u2019\u2019.<\/p>\n\n\n\n<p>Le SAES dit prendre \u00e0 t\u00e9moin l\u2019opinion nationale et internationale de la situation \u2018\u2019inacceptable\u2019\u2019 qui pr\u00e9vaut dans les universit\u00e9s.Le communique souligne qu\u2019\u2018\u2019il d\u00e9gage toute responsabilit\u00e9 dans le chevauchement et la validit\u00e9 ou non des ann\u00e9es acad\u00e9miques\u2019\u2019.<\/p>\n\n\n\n<p>Aussi demande-t-il aux militants de rester \u2018\u2019mobilis\u00e9s\u2019\u2019 pour d\u00e9fendre vaillamment l\u2019enseignement sup\u00e9rieur.Il dit rejeter \u00e9nergiquement l\u2019alibi de la r\u00e9novation des infrastructures sociales sur lequel \u2018\u2019les autorit\u00e9s qui n\u2019ont pas voulu se pr\u00e9parer \u00e0 la reprise programm\u00e9e des cours en pr\u00e9sentiel s\u2019agrippent pour annihiler les nombreux efforts consentis par les enseignants-chercheurs\u2019\u2019.<\/p>\n\n\n\n<p>NSS\/ASG<\/p>\n","protected":false},"excerpt":{"rendered":"<p>Dakar, (APS) \u2013 Le Syndicat autonome de l\u2019enseignement sup\u00e9rieur (SAES) a annonc\u00e9 une gr\u00e8ve de 48 heures les 6 et<\/p>\n","protected":false},"author":1,"featured_media":24136,"comment_status":"open","ping_status":"open","sticky":false,"template":"","format":"standard","meta":{"footnotes":""},"categories":[26],"tags":[],"class_list":["post-24135","post","type-post","status-publish","format-standard","has-post-thumbnail","hentry","category-fait-divers"],"_links":{"self":[{"href":"https:\/\/dekkbi.com\/index.php?rest_route=\/wp\/v2\/posts\/24135","targetHints":{"allow":["GET"]}}],"collection":[{"href":"https:\/\/dekkbi.com\/index.php?rest_route=\/wp\/v2\/posts"}],"about":[{"href":"https:\/\/dekkbi.com\/index.php?rest_route=\/wp\/v2\/types\/post"}],"author":[{"embeddable":true,"href":"https:\/\/dekkbi.com\/index.php?rest_route=\/wp\/v2\/users\/1"}],"replies":[{"embeddable":true,"href":"https:\/\/dekkbi.com\/index.php?rest_route=%2Fwp%2Fv2%2Fcomments&post=24135"}],"version-history":[{"count":1,"href":"https:\/\/dekkbi.com\/index.php?rest_route=\/wp\/v2\/posts\/24135\/revisions"}],"predecessor-version":[{"id":24137,"href":"https:\/\/dekkbi.com\/index.php?rest_route=\/wp\/v2\/posts\/24135\/revisions\/24137"}],"wp:featuredmedia":[{"embeddable":true,"href":"https:\/\/dekkbi.com\/index.php?rest_route=\/wp\/v2\/media\/24136"}],"wp:attachment":[{"href":"https:\/\/dekkbi.com\/index.php?rest_route=%2Fwp%2Fv2%2Fmedia&parent=24135"}],"wp:term":[{"taxonomy":"category","embeddable":true,"href":"https:\/\/dekkbi.com\/index.php?rest_route=%2Fwp%2Fv2%2Fcategories&post=24135"},{"taxonomy":"post_tag","embeddable":true,"href":"https:\/\/dekkbi.com\/index.php?rest_route=%2Fwp%2Fv2%2Ftags&post=24135"}],"curies":[{"name":"wp","href":"https:\/\/api.w.org\/{rel}","templated":true}]}}