{"id":24113,"date":"2023-10-29T09:43:06","date_gmt":"2023-10-29T09:43:06","guid":{"rendered":"https:\/\/dekkbi.com\/?p=24113"},"modified":"2023-10-29T09:43:07","modified_gmt":"2023-10-29T09:43:07","slug":"letat-invite-a-prendre-au-serieux-la-situation-des-universites-pour-une-reprise-effective-des-cours","status":"publish","type":"post","link":"https:\/\/dekkbi.com\/?p=24113","title":{"rendered":"L\u2019\u00c9tat invit\u00e9 \u00e0 \u00ab prendre au s\u00e9rieux \u00bb la situation des universit\u00e9s pour une \u00ab reprise effective des cours \u00bb"},"content":{"rendered":"\n<p>(APS) \u2013 Le coordonnateur g\u00e9n\u00e9ral du Forum civil, Birahim Seck, a invit\u00e9 samedi les autorit\u00e9s \u00e9tatiques \u00e0 \u00ab prendre \u00bb au s\u00e9rieux la situation qui pr\u00e9vaut dans certaines universit\u00e9s s\u00e9n\u00e9galaises en vue d\u2019une \u00ab reprise effective des cours \u00bb.<\/p>\n\n\n\n<p>\u00bbL\u2019Etat doit prendre au s\u00e9rieux la situation qui pr\u00e9vaut dans des universit\u00e9s pour une reprise effective des cours \u00bb, a-t-il d\u00e9clar\u00e9, en marge d\u2019un atelier de renforcement des capacit\u00e9s sur la fiscalit\u00e9 locale et la mobilisation des ressources au profit des commissions de fiscalit\u00e9 locale de Diourbel.<\/p>\n\n\n\n<p>Selon Brahim Seck,  \u00bbtous les acteurs, autorit\u00e9s, enseignants et \u00e9tudiants doivent [faire] pr\u00e9valoir le dialogue pour trouver une solution, synonyme de reprise des enseignements-apprentissages. \u00bbIl a ainsi demand\u00e9 aux autorit\u00e9s universitaires de bannir toute r\u00e9f\u00e9rence \u00e0 la force dans leur discours et exhort\u00e9 les \u00e9tudiants \u00e0 r\u00e9pondre au dialogue s\u2019ils sont invit\u00e9s pour \u2018\u2019asseoir une paix durable dans nos universit\u00e9s. \u00bb\u00ab L\u2019\u00e9ducation est un droit conf\u00e9r\u00e9 par la Constitution. Par cons\u00e9quent, c\u2019est une obligation pour les autorit\u00e9s d\u2019ouvrir les universit\u00e9s pour permettre aux \u00e9tudiants d\u2019\u00e9tudier \u00bb, a-t-il fait valoir.<\/p>\n\n\n\n<p>Plusieurs universit\u00e9s s\u00e9n\u00e9galaises avaient d\u00e9cid\u00e9 de suspendre leurs activit\u00e9s p\u00e9dagogiques \u00e0 la suite du saccage, en juin dernier, de certains de leurs locaux lors des manifestations qui avaient suivi le placement sous mandat de d\u00e9p\u00f4t de l\u2019opposant Ousmane Sonko.Aujourd\u2019hui, si certains campus r\u00e9gionaux ont ouvert leurs portes, celui de l\u2019universit\u00e9 de Dakar reste encore ferm\u00e9. Les autorit\u00e9s de la plus grande universit\u00e9 s\u00e9n\u00e9galaise invoquent le non ach\u00e8vement des travaux de r\u00e9paration des d\u00e9g\u00e2ts caus\u00e9s par les actes de vandalisme perp\u00e9tr\u00e9s en juin pour justifier ce retard, au grand dam des \u00e9tudiants et des syndicats qui r\u00e9clament avec insistance sa r\u00e9ouverture.<\/p>\n","protected":false},"excerpt":{"rendered":"<p>(APS) \u2013 Le coordonnateur g\u00e9n\u00e9ral du Forum civil, Birahim Seck, a invit\u00e9 samedi les autorit\u00e9s \u00e9tatiques \u00e0 \u00ab prendre \u00bb<\/p>\n","protected":false},"author":1,"featured_media":11432,"comment_status":"open","ping_status":"open","sticky":false,"template":"","format":"standard","meta":{"footnotes":""},"categories":[21],"tags":[],"class_list":["post-24113","post","type-post","status-publish","format-standard","has-post-thumbnail","hentry","category-societe"],"_links":{"self":[{"href":"https:\/\/dekkbi.com\/index.php?rest_route=\/wp\/v2\/posts\/24113","targetHints":{"allow":["GET"]}}],"collection":[{"href":"https:\/\/dekkbi.com\/index.php?rest_route=\/wp\/v2\/posts"}],"about":[{"href":"https:\/\/dekkbi.com\/index.php?rest_route=\/wp\/v2\/types\/post"}],"author":[{"embeddable":true,"href":"https:\/\/dekkbi.com\/index.php?rest_route=\/wp\/v2\/users\/1"}],"replies":[{"embeddable":true,"href":"https:\/\/dekkbi.com\/index.php?rest_route=%2Fwp%2Fv2%2Fcomments&post=24113"}],"version-history":[{"count":1,"href":"https:\/\/dekkbi.com\/index.php?rest_route=\/wp\/v2\/posts\/24113\/revisions"}],"predecessor-version":[{"id":24114,"href":"https:\/\/dekkbi.com\/index.php?rest_route=\/wp\/v2\/posts\/24113\/revisions\/24114"}],"wp:featuredmedia":[{"embeddable":true,"href":"https:\/\/dekkbi.com\/index.php?rest_route=\/wp\/v2\/media\/11432"}],"wp:attachment":[{"href":"https:\/\/dekkbi.com\/index.php?rest_route=%2Fwp%2Fv2%2Fmedia&parent=24113"}],"wp:term":[{"taxonomy":"category","embeddable":true,"href":"https:\/\/dekkbi.com\/index.php?rest_route=%2Fwp%2Fv2%2Fcategories&post=24113"},{"taxonomy":"post_tag","embeddable":true,"href":"https:\/\/dekkbi.com\/index.php?rest_route=%2Fwp%2Fv2%2Ftags&post=24113"}],"curies":[{"name":"wp","href":"https:\/\/api.w.org\/{rel}","templated":true}]}}