{"id":24106,"date":"2023-10-27T13:59:20","date_gmt":"2023-10-27T13:59:20","guid":{"rendered":"https:\/\/dekkbi.com\/?p=24106"},"modified":"2023-10-27T13:59:20","modified_gmt":"2023-10-27T13:59:20","slug":"une-histoire-chaotique-la-genetique-retrouve-la-trace-des-premiers-homo-sapiens-deurope","status":"publish","type":"post","link":"https:\/\/dekkbi.com\/?p=24106","title":{"rendered":"Une histoire chaotique: la g\u00e9n\u00e9tique retrouve la trace des premiers Homo sapiens d\u2019Europe"},"content":{"rendered":"\n<p>Des scientifiques ont r\u00e9v\u00e9l\u00e9 un lien entre le g\u00e9nome des tout premiers Homo sapiens arriv\u00e9s en Europe il y a 45.000 ans, dont on pensait n\u2019avoir aucun h\u00e9ritage g\u00e9n\u00e9tique, et celui des populations bien plus tardives d\u2019une p\u00e9riode du Pal\u00e9olithique connue pour ses statuettes de V\u00e9nus.<\/p>\n\n\n\n<p>La d\u00e9couverte a \u00e9t\u00e9 faite \u00e0 partir de fragments de cr\u00e2nes du site arch\u00e9ologique de Buran-Kaya III, dans la p\u00e9ninsule de Crim\u00e9e au nord de la mer Noire, fouill\u00e9 il y a plus de dix ans. Il s\u2019agit d\u2019os de deux individus dat\u00e9s de -36.000 et -37.000 ans, dont le g\u00e9nome a r\u00e9cemment pu \u00eatre extrait gr\u00e2ce \u00e0 de nouvelles techniques, selon une \u00e9tude parue cette semaine dans Nature Ecology &amp; Evolution.<\/p>\n\n\n\n<p>Une \u00e9quipe internationale de chercheurs a compar\u00e9 leurs g\u00e9nomes aux donn\u00e9es des banques d\u2019ADN, et notamment au plus ancien g\u00e9nome d\u2019humain anatomiquement moderne d\u2019Europe, s\u00e9quenc\u00e9 sur le cr\u00e2ne d\u2019une femme d\u2019il y a environ 45.000 ans (trouv\u00e9 sur le territoire de l\u2019actuelle R\u00e9publique tch\u00e8que).<\/p>\n\n\n\n<p><strong>Histoire chaotique<\/strong><\/p>\n\n\n\n<p>Une p\u00e9riode o\u00f9 les tout premiers Homo sapiens venus d\u2019Afrique ont d\u00e9barqu\u00e9 sur le continent eurasiatique, dont le peuplement s\u2019est fait par vagues successives. Une partie de cette population pionni\u00e8re s\u2019est implant\u00e9e en Asie, de mani\u00e8re durable puisqu\u2019elle a laiss\u00e9 un h\u00e9ritage g\u00e9n\u00e9tique jusque chez les populations actuelles.<\/p>\n\n\n\n<p>L\u2019histoire a \u00e9t\u00e9 plus chaotique pour la branche europ\u00e9enne, dont on n\u2019avait pas retrouv\u00e9 jusqu\u2019ici d\u2019empreinte g\u00e9n\u00e9tique, laissant supposer qu\u2019elle avait disparu. Pour \u00eatre \u201ctotalement remplac\u00e9e\u201d, plusieurs milliers d\u2019ann\u00e9es plus tard, par une nouvelle vague de migration dont font partie les humains de Buran-Kaya III, g\u00e9n\u00e9tiquement proches de nous, explique \u00e0 l\u2019AFP Eva-Maria Geigl, directrice de recherche \u00e0 l\u2019organisme scientifique fran\u00e7ais CNRS et co-auteure de l\u2019\u00e9tude.<\/p>\n\n\n\n<p><strong>Crise \u00e9cologique<\/strong><\/p>\n\n\n\n<p>A l\u2019origine de ce d\u00e9clin: un refroidissement du climat et une aridification, survenus entre -45.000 et -40.000 ans, aggrav\u00e9s par une gigantesque \u00e9ruption du volcan des Champs Phl\u00e9gr\u00e9ens (Italie) qui a recouvert une partie de l\u2019Europe d\u2019un nuage de cendres.Cette crise \u00e9cologique aurait \u00e9t\u00e9 \u201csuffisamment grave pour entra\u00eener la disparition de ces tout premiers Sapiens et peut-\u00eatre aussi des N\u00e9andertaliens\u201d, une autre esp\u00e8ce humaine qui s\u2019est \u00e9teinte \u00e0 la m\u00eame p\u00e9riode, poursuit la g\u00e9n\u00e9ticienne.<\/p>\n\n\n\n<p>Mais la d\u00e9couverte de leur trace dans le g\u00e9nome des humains du site de Crim\u00e9e sugg\u00e8re que finalement, une partie de ce peuplement pionnier a surv\u00e9cu \u00e0 la catastrophe. \u201c\u00c7a a \u00e9t\u00e9 dur pour tout le monde, mais il a d\u00fb rester quelques individus puisqu\u2019ils ont laiss\u00e9 une partie de leurs g\u00e8nes\u201d, d\u00e9crypte Thierry Grange, directeur de recherche au CNRS et co-auteur. <\/p>\n\n\n\n<p>Leurs descendants se seraient ensuite \u201cm\u00e9tiss\u00e9s avec les nouveaux arrivants apr\u00e8s que le climat s\u2019est r\u00e9chauff\u00e9 et est devenu plus humide\u201d, ajoute Eva-Maria Geigl.<\/p>\n\n\n\n<p>Autre r\u00e9v\u00e9lationLes deux humains du site de Crim\u00e9e, qui ont aussi \u00e9t\u00e9 compar\u00e9s \u00e0 des g\u00e9nomes plus r\u00e9cents, sont g\u00e9n\u00e9tiquement li\u00e9s \u00e0 des populations d\u2019Europe de l\u2019Ouest associ\u00e9es \u00e0 la culture du Gravettien, situ\u00e9e entre -30.\u2019000 ans et -23.000 ans. <\/p>\n\n\n\n<p>Une culture connue pour la production de statuettes f\u00e9minines appel\u00e9es V\u00e9nus, ou la Dame de Brassempouy, figurine en ivoire repr\u00e9sentant une t\u00eate humaine.Les fouilles de Buran Kaya III avaient mis au jour des objets assez semblables (outils en pierre, plaque en ivoire de mammouth) mais le lien avec le Gravettien \u00e0 l\u2019Ouest faisait d\u00e9bat chez les arch\u00e9ologues. <\/p>\n\n\n\n<p>\u201cLes deux productions \u00e9taient trop \u00e9loign\u00e9es g\u00e9ographiquement, et il y avait plus de 5.000 ans d\u2019\u00e9cart\u201d, souligne Thierry Grange.Ses travaux apportent la preuve g\u00e9n\u00e9tique permettant d\u2019affirmer que la culture gravettienne avait bien des origines \u00e0 l\u2019Est. <\/p>\n\n\n\n<p>Et finalement, que nos anc\u00eatres issus d\u2019Europe de l\u2019Est ont migr\u00e9 vers l\u2019Ouest, \u201ccontribuant aux g\u00e9nomes des Europ\u00e9ens actuels\u201d, conclut Eva-Maria Geigl.<\/p>\n\n\n\n<p><\/p>\n","protected":false},"excerpt":{"rendered":"<p>Des scientifiques ont r\u00e9v\u00e9l\u00e9 un lien entre le g\u00e9nome des tout premiers Homo sapiens arriv\u00e9s en Europe il y a<\/p>\n","protected":false},"author":1,"featured_media":24107,"comment_status":"open","ping_status":"open","sticky":false,"template":"","format":"standard","meta":{"footnotes":""},"categories":[5],"tags":[],"class_list":["post-24106","post","type-post","status-publish","format-standard","has-post-thumbnail","hentry","category-technologie"],"_links":{"self":[{"href":"https:\/\/dekkbi.com\/index.php?rest_route=\/wp\/v2\/posts\/24106","targetHints":{"allow":["GET"]}}],"collection":[{"href":"https:\/\/dekkbi.com\/index.php?rest_route=\/wp\/v2\/posts"}],"about":[{"href":"https:\/\/dekkbi.com\/index.php?rest_route=\/wp\/v2\/types\/post"}],"author":[{"embeddable":true,"href":"https:\/\/dekkbi.com\/index.php?rest_route=\/wp\/v2\/users\/1"}],"replies":[{"embeddable":true,"href":"https:\/\/dekkbi.com\/index.php?rest_route=%2Fwp%2Fv2%2Fcomments&post=24106"}],"version-history":[{"count":1,"href":"https:\/\/dekkbi.com\/index.php?rest_route=\/wp\/v2\/posts\/24106\/revisions"}],"predecessor-version":[{"id":24108,"href":"https:\/\/dekkbi.com\/index.php?rest_route=\/wp\/v2\/posts\/24106\/revisions\/24108"}],"wp:featuredmedia":[{"embeddable":true,"href":"https:\/\/dekkbi.com\/index.php?rest_route=\/wp\/v2\/media\/24107"}],"wp:attachment":[{"href":"https:\/\/dekkbi.com\/index.php?rest_route=%2Fwp%2Fv2%2Fmedia&parent=24106"}],"wp:term":[{"taxonomy":"category","embeddable":true,"href":"https:\/\/dekkbi.com\/index.php?rest_route=%2Fwp%2Fv2%2Fcategories&post=24106"},{"taxonomy":"post_tag","embeddable":true,"href":"https:\/\/dekkbi.com\/index.php?rest_route=%2Fwp%2Fv2%2Ftags&post=24106"}],"curies":[{"name":"wp","href":"https:\/\/api.w.org\/{rel}","templated":true}]}}