{"id":24069,"date":"2023-10-27T10:58:44","date_gmt":"2023-10-27T10:58:44","guid":{"rendered":"https:\/\/dekkbi.com\/?p=24069"},"modified":"2023-10-27T10:58:45","modified_gmt":"2023-10-27T10:58:45","slug":"ses-propos-juges-graves-et-mensongers-le-chroniqueur-sire-sy-attendu-a-la-dic-suite-a-une-plainte-de-gackou","status":"publish","type":"post","link":"https:\/\/dekkbi.com\/?p=24069","title":{"rendered":"Ses propos jug\u00e9s graves et mensongers : Le chroniqueur Sir\u00e9 Sy attendu \u00e0 la Dic, suite \u00e0 une plainte de Gackou"},"content":{"rendered":"\n<h3 class=\"wp-block-heading\">Le Pr\u00e9sident du Grand Parti, Malick Gackou, candidat \u00e0 la Pr\u00e9sidentielle de f\u00e9vrier 2024, a d\u00e9pos\u00e9, avant-hier, une plainte contre le chroniqueur Sir\u00e9 Sy, pour diffamation. \u00ab\u00a0iGFM\u00a0\u00bb<\/h3>\n\n\n\n<p>Dans la plainte r\u00e9dig\u00e9e par son avocat, renseigne \u00ab\u00a0L&rsquo;Observateur\u00a0\u00bb, Malick Gackou explique que le mercredi 25 octobre 2023, Sir\u00e9 Sy a profit\u00e9 de la tribune qui lui a \u00e9t\u00e9 offerte sur le site Internet \u00ab\u00a0Sans Limites\u00a0\u00bb, pour dire que le maire de Gu\u00e9diawaye Ahmed A\u00efdara est en parfaite harmonie avec Malick Gackou et que ce dernier est aussi en parfaite connexion avec le Pr\u00e9sident Macky Sall.<\/p>\n\n\n\n<p>\u00ab<em>Des propos graves et mensongers tenus par Sir\u00e9 Sy<\/em>\u00bb et \u00ab<em>entachent l&rsquo;honneur de mon client<\/em>\u00bb, \u00e9crit l&rsquo;avocat dans la plainte. D&rsquo;ailleurs, l&rsquo;avocat mentionne que le chroniqueur n&rsquo;en est pas \u00e0 son coup d&rsquo;essai. Car, il a l&rsquo;habitude d&rsquo;accuser gratuitement son client, sans apporter la moindre preuve.<\/p>\n\n\n\n<p>La convocation a \u00e9t\u00e9 r\u00e9dig\u00e9e par la Division des investigations criminelles (Dic) contre Sir\u00e9 Sy, qui sera incessamment entendu par les enqu\u00eateurs de la Dic, pour qu&rsquo;il apporte les preuves de ses all\u00e9gations.<br><\/p>\n","protected":false},"excerpt":{"rendered":"<p>Le Pr\u00e9sident du Grand Parti, Malick Gackou, candidat \u00e0 la Pr\u00e9sidentielle de f\u00e9vrier 2024, a d\u00e9pos\u00e9, avant-hier, une plainte contre<\/p>\n","protected":false},"author":1,"featured_media":24070,"comment_status":"open","ping_status":"open","sticky":false,"template":"","format":"standard","meta":{"footnotes":""},"categories":[26],"tags":[],"class_list":["post-24069","post","type-post","status-publish","format-standard","has-post-thumbnail","hentry","category-fait-divers"],"_links":{"self":[{"href":"https:\/\/dekkbi.com\/index.php?rest_route=\/wp\/v2\/posts\/24069","targetHints":{"allow":["GET"]}}],"collection":[{"href":"https:\/\/dekkbi.com\/index.php?rest_route=\/wp\/v2\/posts"}],"about":[{"href":"https:\/\/dekkbi.com\/index.php?rest_route=\/wp\/v2\/types\/post"}],"author":[{"embeddable":true,"href":"https:\/\/dekkbi.com\/index.php?rest_route=\/wp\/v2\/users\/1"}],"replies":[{"embeddable":true,"href":"https:\/\/dekkbi.com\/index.php?rest_route=%2Fwp%2Fv2%2Fcomments&post=24069"}],"version-history":[{"count":1,"href":"https:\/\/dekkbi.com\/index.php?rest_route=\/wp\/v2\/posts\/24069\/revisions"}],"predecessor-version":[{"id":24071,"href":"https:\/\/dekkbi.com\/index.php?rest_route=\/wp\/v2\/posts\/24069\/revisions\/24071"}],"wp:featuredmedia":[{"embeddable":true,"href":"https:\/\/dekkbi.com\/index.php?rest_route=\/wp\/v2\/media\/24070"}],"wp:attachment":[{"href":"https:\/\/dekkbi.com\/index.php?rest_route=%2Fwp%2Fv2%2Fmedia&parent=24069"}],"wp:term":[{"taxonomy":"category","embeddable":true,"href":"https:\/\/dekkbi.com\/index.php?rest_route=%2Fwp%2Fv2%2Fcategories&post=24069"},{"taxonomy":"post_tag","embeddable":true,"href":"https:\/\/dekkbi.com\/index.php?rest_route=%2Fwp%2Fv2%2Ftags&post=24069"}],"curies":[{"name":"wp","href":"https:\/\/api.w.org\/{rel}","templated":true}]}}