{"id":24061,"date":"2023-10-27T10:47:04","date_gmt":"2023-10-27T10:47:04","guid":{"rendered":"https:\/\/dekkbi.com\/?p=24061"},"modified":"2023-10-27T10:51:14","modified_gmt":"2023-10-27T10:51:14","slug":"13eme-edition-du-prix-orange-de-lentreprenariat-social-au-senegal-les-trois-laureats-se-partagent-12-millions-de-fcfa-de-subvention","status":"publish","type":"post","link":"https:\/\/dekkbi.com\/?p=24061","title":{"rendered":"Prix Orange de l\u2019entreprenariat social au S\u00e9n\u00e9gal"},"content":{"rendered":"\n<p>Orange digital center (Odc) a proc\u00e9d\u00e9 jeudi 26 octobre 2023, \u00e0 la remise de trois prix aux laur\u00e9ats de la 13\u00e8me \u00e9dition du Prix Orange de l\u2019entreprenariat social au S\u00e9n\u00e9gal.<\/p>\n\n\n\n<p>Les laur\u00e9ats pour cette 13\u00e8me \u00e9dition sont les startups Afiyasens, cactus innovation et Lingu\u00e8re Fablab \u00e0 qui les prix ont \u00e9t\u00e9 d\u00e9cern\u00e9s au si\u00e8ge de Orange digital center en pr\u00e9sence notamment du directeur de cabinet du ministre en charge de la communication, des t\u00e9l\u00e9communications et de l\u2019\u00e9conomie num\u00e9rique Me Moussa Bocar Thiam et des responsables de Sonatel et Orange.<br>\u00a0<br>Afiyasens qui a remport\u00e9 le premier prix de l\u2019entreprenariat social a re\u00e7u une subvention de 5 millions de francs Cfa. Cette startup vise \u00e0 r\u00e9soudre le probl\u00e8me du diagnostic du paludisme gr\u00e2ce \u00e0 l\u2019utilisation de nouvelles technologies.<br>\u00a0<br>L\u2019initiatrice de cette solution, Rokhaya Digne trouve que les m\u00e9thodes de diagnostic traditionnelles sont longues, sujettes \u00e0 des erreurs, n\u00e9cessitent des ressources co\u00fbteuses et parfois inaccessibles.<br>\u00a0<br>Cactus innovation, solution qui a remport\u00e9 le deuxi\u00e8me prix du concours b\u00e9n\u00e9fice d\u2019une subvention de 4 millions de francs Cfa. Le porteur du projet Cactus innovation, El Hadji Malick Sagne propose un syst\u00e8me de production rentable qui prot\u00e8ge \u00e0 la fois l\u2019environnement et la sant\u00e9 de la population par la mise en place d\u2019une ferme autonome en valorisant le cactus afin de b\u00e9n\u00e9ficier de ses avantages agronomiques, \u00e9nerg\u00e9tiques et surtout environnementaux.<br>\u00a0<br>Le projet Lingu\u00e8re Fablab a eu le troisi\u00e8me prix du concours qui promeut l\u2019entreprenariat social au S\u00e9n\u00e9gal. Celle qui porte ce projet, Anta Ngom b\u00e9n\u00e9ficie d\u2019une subvention de 3 millions de francs Cfa.<br>\u00a0<br>Son projet \u00ab\u00a0est le premier Fablab s\u00e9n\u00e9galais cr\u00e9\u00e9 par des femmes pour briser les barri\u00e8res sociales et \u00e9conomiques auxquelles elles sont confront\u00e9es, tout en favorisant leur \u00e9panouissement personnel et leur ind\u00e9pendance financi\u00e8re\u00a0\u00bb.<br>\u00a0<br>La directrice g\u00e9n\u00e9rale de Orange digital center a indiqu\u00e9 que ce prix vient reconna\u00eetre et c\u00e9l\u00e9brer le talent, l\u2019impact positif et l\u2019engagement de jeunes qui \u0153uvrent \u00e0 am\u00e9liorer les conditions de vie des populations \u00e0 travers leurs innovations technologiques.<br>\u00a0<br>Cette ann\u00e9e, Awa Niang a confi\u00e9 qu\u2019ils ont re\u00e7u 86 dossiers de candidats avec une repr\u00e9sentation f\u00e9minine \u00e0 hauteur de 75%. En plus des montants qu\u2019ils ont re\u00e7us en guise de subvention, \u00ab\u00a0les laur\u00e9ats vont b\u00e9n\u00e9ficier d\u2019un appui technique qui sera octroy\u00e9 par des experts en incubation et partenaires de Sonatel et du groupe Orange sur une p\u00e9riode de 6 mois\u00a0\u00bb.<br>\u00a0<br>Le directeur de cabinet de Me Moussa Bocar Thiam a indiqu\u00e9 que depuis sa cr\u00e9ation, Orange digital center contribue \u00e0 l\u2019employabilit\u00e9 des jeunes par une formation num\u00e9rique ad\u00e9quate et un accompagnement \u00e0 l\u2019insertion.<br>\u00a0<br>Souleymane Astou Diagne a soulign\u00e9 que des initiatives comme le Prix Orange de l\u2019entreprenariat social en Afrique et Moyen Orient (Poesam) favorisent le d\u00e9veloppement de projets innovants bas\u00e9s sur les technologies de l\u2019information et de la communication permettant d\u2019am\u00e9liorer les conditions de vie des populations d\u2019Afrique et du Moyen Orient dans les domaines de la sant\u00e9, l\u2019\u00e9ducation, l\u2019agriculture, le d\u00e9veloppement durable etc.<br>\u00a0<br><strong>Bassirou MBAYE<\/strong><\/p>\n","protected":false},"excerpt":{"rendered":"<p>Orange digital center (Odc) a proc\u00e9d\u00e9 jeudi 26 octobre 2023, \u00e0 la remise de trois prix aux laur\u00e9ats de la<\/p>\n","protected":false},"author":1,"featured_media":24062,"comment_status":"open","ping_status":"open","sticky":false,"template":"","format":"standard","meta":{"footnotes":""},"categories":[3],"tags":[],"class_list":["post-24061","post","type-post","status-publish","format-standard","has-post-thumbnail","hentry","category-event-more-news"],"_links":{"self":[{"href":"https:\/\/dekkbi.com\/index.php?rest_route=\/wp\/v2\/posts\/24061","targetHints":{"allow":["GET"]}}],"collection":[{"href":"https:\/\/dekkbi.com\/index.php?rest_route=\/wp\/v2\/posts"}],"about":[{"href":"https:\/\/dekkbi.com\/index.php?rest_route=\/wp\/v2\/types\/post"}],"author":[{"embeddable":true,"href":"https:\/\/dekkbi.com\/index.php?rest_route=\/wp\/v2\/users\/1"}],"replies":[{"embeddable":true,"href":"https:\/\/dekkbi.com\/index.php?rest_route=%2Fwp%2Fv2%2Fcomments&post=24061"}],"version-history":[{"count":4,"href":"https:\/\/dekkbi.com\/index.php?rest_route=\/wp\/v2\/posts\/24061\/revisions"}],"predecessor-version":[{"id":24068,"href":"https:\/\/dekkbi.com\/index.php?rest_route=\/wp\/v2\/posts\/24061\/revisions\/24068"}],"wp:featuredmedia":[{"embeddable":true,"href":"https:\/\/dekkbi.com\/index.php?rest_route=\/wp\/v2\/media\/24062"}],"wp:attachment":[{"href":"https:\/\/dekkbi.com\/index.php?rest_route=%2Fwp%2Fv2%2Fmedia&parent=24061"}],"wp:term":[{"taxonomy":"category","embeddable":true,"href":"https:\/\/dekkbi.com\/index.php?rest_route=%2Fwp%2Fv2%2Fcategories&post=24061"},{"taxonomy":"post_tag","embeddable":true,"href":"https:\/\/dekkbi.com\/index.php?rest_route=%2Fwp%2Fv2%2Ftags&post=24061"}],"curies":[{"name":"wp","href":"https:\/\/api.w.org\/{rel}","templated":true}]}}