{"id":24048,"date":"2023-10-27T10:23:47","date_gmt":"2023-10-27T10:23:47","guid":{"rendered":"https:\/\/dekkbi.com\/?p=24048"},"modified":"2023-10-27T10:23:48","modified_gmt":"2023-10-27T10:23:48","slug":"une-algue-toxique-est-bien-presente-sur-les-cotes-dakaroises","status":"publish","type":"post","link":"https:\/\/dekkbi.com\/?p=24048","title":{"rendered":"Une algue toxique est bien pr\u00e9sente sur les c\u00f4tes dakaroises"},"content":{"rendered":"\n<p>Vers la fin du mois de juillet dernier, des internautes se sont plaints sur Twitter d\u2019avoir des fi\u00e8vres, de la toux\u2026 apr\u00e8s avoir \u00e9t\u00e9 \u00e0 la corniche des almadies.<\/p>\n\n\n\n<blockquote class=\"wp-block-quote is-layout-flow wp-block-quote-is-layout-flow\">\n<p>Ya des gens qui \u00e9taient a la corniche des almadies pr\u00e8s du cabanon\/cop 21 et qui depuis hier ne font que tousser ? C\u2019est mon cas ainsi que celui de 2 autres personnes que je ne connais m\u00eame pas c\u2019est bizarre.<\/p>\n\n\n\n<p>\u2014 ladouceurenpersonne<img decoding=\"async\" alt=\"\u263a\ufe0f\" src=\"https:\/\/s.w.org\/images\/core\/emoji\/11\/svg\/263a.svg\"><img decoding=\"async\" alt=\"\u2764\ufe0f\" src=\"https:\/\/s.w.org\/images\/core\/emoji\/11\/svg\/2764.svg\">&nbsp;(@evamarie0)&nbsp;<a href=\"https:\/\/twitter.com\/evamarie0\/status\/1683037010913525760?ref_src=twsrc%5Etfw\">July 23, 2023<\/a><\/p>\n<\/blockquote>\n\n\n\n<p>La rumeur est vite partie qu\u2019une&nbsp;<a href=\"https:\/\/www.dakaractu.com\/Corniche-des-Almadies-Presence-en-zone-maritime-d-une-micro-algues-toxique-qui-menacerait-la-sante-humaine_a236039.html\">algue toxique serait \u00e0 l\u2019origine.&nbsp;<\/a>Dakaractu, un site d\u2019informations g\u00e9n\u00e9rales, a indiqu\u00e9,&nbsp;dans un article du 23 juillet 2023, que \u201cc\u2019est un ph\u00e9nom\u00e8ne cyclique qui serait dans une phase d\u2019affecter des personnes qui, en cette p\u00e9riode caniculaire, se retrouvent \u00e0 la plage. Ces algues toxiques qui seraient de la famille des Ostreopsis tr\u00e8s fr\u00e9quentes \u00e0 la plage de la pointe des Almadies qui refusent du monde en ces p\u00e9riodes, seraient \u00e0 l\u2019origine d\u2019effets toxiques qui affecteraient la sant\u00e9 humaine\u201d. Le site n\u2019a cit\u00e9 aucune source.&nbsp;<\/p>\n\n\n\n<p>Nous avons contact\u00e9 le journaliste qui a r\u00e9dig\u00e9 l\u2019article. Il nous a confi\u00e9 avoir \u201cglan\u00e9 les informations sur Twitter en suivant des explications d\u2019experts sur la toile\u201d.<\/p>\n\n\n\n<p>Sur le m\u00eame sujet, RFI en a consacr\u00e9 un article le 26 juillet avec plus de pr\u00e9cision en citant une source scientifique. C\u2019est le chercheur Patrice Brehmer qui donne la cause de cette myst\u00e9rieuse grippe: \u201cune forte concentration \u2013 ou \u00ab bloom \u00bb \u2013 de micro algues marines toxiques. Un ph\u00e9nom\u00e8ne r\u00e9current sur le littoral de la capitale\u201d, dit-il \u00e0 Charlotte Idrac,\u00a0journaliste \u00e9ditrice de l\u2019article.\u00a0D\u2019ailleurs, le titre de l\u2019article est : [S\u00e9n\u00e9gal: les microalgues toxiques font leur retour sur le littoral de Dakar].<\/p>\n\n\n\n<p><strong>Le \u201cbloom\u201d, facteur d\u00e9clencheur<\/strong><\/p>\n\n\n\n<p>Le titre de l\u2019article de notre cons\u0153ur \u00e9met d\u00e9j\u00e0 les pr\u00e9mices d\u2019un ph\u00e9nom\u00e8ne pas du tout nouveau.&nbsp;<\/p>\n\n\n\n<p>Effectivement, affirme Patrice Brehmer qui assume l\u2019enti\u00e8re responsabilit\u00e9 du contenu scientifique d\u00e9crit par RFI. \u201cLes bloom de micro algues appel\u00e9es efflorescences sont des micro organismes phytoplanctoniques de mani\u00e8re g\u00e9n\u00e9rale. C\u2019est un peu comme l\u2019herbe de la mer\u201d, entame-t-il.<\/p>\n\n\n\n<p>\u201cDe temps en temps, quand les conditions environnementales se rejoignent toutes et qu\u2019il n\u2019y a pas de pr\u00e9dateurs pour limiter la population. Elle va exploser car se reproduisant de mani\u00e8re exponentielle. Elle va saturer le milieu et c\u2019est \u00e7a le bloom\u201d, explicite-t-il.<\/p>\n\n\n\n<p>Selon lui, les micro algues ont besoin de macro nutriments. Si elles en consomment beaucoup sans comp\u00e9titeurs (que d\u2019autres esp\u00e8ces ne s\u2019alimentent pas sur les m\u00eames choses) et qu\u2019il n\u2019y a pas de pr\u00e9dateurs qui vont r\u00e9guler les populations de micro algues, le bloom se cr\u00e9e.<\/p>\n\n\n\n<p>Cette micro algue, d\u00e9signe-t-il, a besoin d\u2019une temp\u00e9rature relativement chaude avoisinant les 24 degr\u00e9s. \u201cCe n\u2019est pas un ph\u00e9nom\u00e8ne sp\u00e9cifique au S\u00e9n\u00e9gal. Il est observ\u00e9 dans toute la M\u00e9diterran\u00e9e, en Tha\u00eflande. Donc, il y a une riche litt\u00e9rature sur ce ph\u00e9nom\u00e8ne\u201d, dit-il.<\/p>\n\n\n\n<p>Par contre, il a recadr\u00e9 le sujet: \u201cle bloom n\u2019am\u00e8ne pas la toxine, c\u2019est la micro algue qui produit la toxine si on en a peu, il y aura moins de toxine. La pr\u00e9sence de cette micro algue ne veut pas dire qu\u2019il y a un relargage de biotoxine, il lui faut des conditions particuli\u00e8res pour qu\u2019elle relargue. Et parmi ces conditions, il y a le bloom. Quand les densit\u00e9s sont faibles, elle en relargue peu ou pas du tout. Mais en forte abondance, on va ressentir les sympt\u00f4mes\u201d.<\/p>\n\n\n\n<p>Dr Mamadou Abibou Diagne, expert en biotoxine marine, note que les biotoxines aquatiques plus particuli\u00e8rement marines sont produites \u00e0 partir d\u2019un m\u00e9canisme de synth\u00e8se qui implique soit les phytoplanctons, soit en association avec des micro organismes comme certaines bact\u00e9ries.<\/p>\n\n\n\n<p><strong>Ph\u00e9nom\u00e8ne cyclique<\/strong><\/p>\n\n\n\n<p>Patrice Brehmer est d\u2019avis que la p\u00e9riodicit\u00e9 est extr\u00eamement bien r\u00e9gl\u00e9e et le d\u00e9terminisme est climatique. \u201c\u00e7a revient depuis 15 ans \u00e0 la m\u00eame p\u00e9riode, en d\u00e9but d\u2019hivernage. Il n\u2019y a pas de corr\u00e9lation avec les pluies par contre. Il faut que l\u2019eau soit r\u00e9chauff\u00e9e. D\u00e8s qu\u2019on passe les 25 degr\u00e9s, on est dans les conditions thermiques pour que cette micro algue se d\u00e9veloppe\u201d, .<\/p>\n\n\n\n<p>\u201cSur le fond, elle est l\u00e9g\u00e8re, il ne faut pas qu\u2019il y ait des vagues ou trop de vents. Du coup, sans courant elle se tapis dans le fond. Ainsi le ph\u00e9nom\u00e8ne se d\u00e9clenche. A un moment donn\u00e9, les vagues arrivent et remettent en suspension tout \u00e7a. C\u2019est l\u00e0 que se cr\u00e9e le probl\u00e8me sanitaire\u201d, d\u00e9taille le chercheur.<\/p>\n\n\n\n<p><strong>Lien avec la pollution marine ?<\/strong><\/p>\n\n\n\n<p>Patrice Brehmer affirme que la pollution marine est un param\u00e8tre aggravant mais elle n\u2019en est pas la cause. \u201cL\u2019implantation de la micro algue est ramen\u00e9e par les cuves du bateau. C\u2019est la raison la plus logique. Souvent les cuves se remplissent d\u2019eau pour \u00eatre stable. En le faisant, ils prennent des algues et au moment de rel\u00e2cher cette eau; ils peuvent rel\u00e2cher cette micro algue qui s\u2019installe sur les c\u00f4tes\u201d, argue Brehmer.<\/p>\n\n\n\n<p>\u201cLorsque les surfeurs nous ont interpell\u00e9, les premi\u00e8res observations ont \u00e9t\u00e9 faites sur la baie des carpes, la petite baie situ\u00e9e \u00e0 la sortie du canal de drainage d\u2019eaux fluviales \u00e0 Ngor. Il n\u2019est pas possible que ces eaux us\u00e9es aient amen\u00e9 cette micro algue, mais cela a certes cr\u00e9\u00e9 des conditions favorables \u00e0 son implantation\u201d, affirme le chercheur.<\/p>\n","protected":false},"excerpt":{"rendered":"<p>Vers la fin du mois de juillet dernier, des internautes se sont plaints sur Twitter d\u2019avoir des fi\u00e8vres, de la<\/p>\n","protected":false},"author":1,"featured_media":24049,"comment_status":"open","ping_status":"open","sticky":false,"template":"","format":"standard","meta":{"footnotes":""},"categories":[26],"tags":[],"class_list":["post-24048","post","type-post","status-publish","format-standard","has-post-thumbnail","hentry","category-fait-divers"],"_links":{"self":[{"href":"https:\/\/dekkbi.com\/index.php?rest_route=\/wp\/v2\/posts\/24048","targetHints":{"allow":["GET"]}}],"collection":[{"href":"https:\/\/dekkbi.com\/index.php?rest_route=\/wp\/v2\/posts"}],"about":[{"href":"https:\/\/dekkbi.com\/index.php?rest_route=\/wp\/v2\/types\/post"}],"author":[{"embeddable":true,"href":"https:\/\/dekkbi.com\/index.php?rest_route=\/wp\/v2\/users\/1"}],"replies":[{"embeddable":true,"href":"https:\/\/dekkbi.com\/index.php?rest_route=%2Fwp%2Fv2%2Fcomments&post=24048"}],"version-history":[{"count":1,"href":"https:\/\/dekkbi.com\/index.php?rest_route=\/wp\/v2\/posts\/24048\/revisions"}],"predecessor-version":[{"id":24050,"href":"https:\/\/dekkbi.com\/index.php?rest_route=\/wp\/v2\/posts\/24048\/revisions\/24050"}],"wp:featuredmedia":[{"embeddable":true,"href":"https:\/\/dekkbi.com\/index.php?rest_route=\/wp\/v2\/media\/24049"}],"wp:attachment":[{"href":"https:\/\/dekkbi.com\/index.php?rest_route=%2Fwp%2Fv2%2Fmedia&parent=24048"}],"wp:term":[{"taxonomy":"category","embeddable":true,"href":"https:\/\/dekkbi.com\/index.php?rest_route=%2Fwp%2Fv2%2Fcategories&post=24048"},{"taxonomy":"post_tag","embeddable":true,"href":"https:\/\/dekkbi.com\/index.php?rest_route=%2Fwp%2Fv2%2Ftags&post=24048"}],"curies":[{"name":"wp","href":"https:\/\/api.w.org\/{rel}","templated":true}]}}