{"id":24045,"date":"2023-10-27T10:20:44","date_gmt":"2023-10-27T10:20:44","guid":{"rendered":"https:\/\/dekkbi.com\/?p=24045"},"modified":"2023-10-27T10:20:46","modified_gmt":"2023-10-27T10:20:46","slug":"forum-economique-commercial-et-dinvestissement-dakar-et-banjul-declinent-les-nouveaux-axes-de-leur-cooperation","status":"publish","type":"post","link":"https:\/\/dekkbi.com\/?p=24045","title":{"rendered":"Forum \u00e9conomique, commercial et d\u2019investissement: Dakar et Banjul d\u00e9clinent les nouveaux axes de leur coop\u00e9ration"},"content":{"rendered":"\n<p>Les Gouvernements s\u00e9n\u00e9galais et gambien s\u2019engagent \u00e0 mettre en place des cadres r\u00e9glementaires, transparents et pr\u00e9visibles. Les axes d\u2019engagements concernent aussi la s\u00e9curit\u00e9 juridique. Ils s\u2019engagent \u00e9galement \u00e0 \u00e9liminer les entraves bureaucratiques pour asseoir une coop\u00e9ration b\u00e9n\u00e9fique aux deux pays. Ces axes ont \u00e9t\u00e9 d\u00e9clin\u00e9s par le Premier ministre, Amadou Ba, qui a pr\u00e9sid\u00e9, jeudi \u00e0 Dakar, la c\u00e9r\u00e9monie d\u2019ouverture du Forum \u00e9conomique commercial des investissements entre le S\u00e9n\u00e9gal et la Gambie co-organis\u00e9 par l\u2019APix et Giepa.<\/p>\n\n\n\n<p>Cette rencontre est un nouveau jalon pos\u00e9 dans le renforcement de la coop\u00e9ration et de la promotion du d\u00e9veloppement \u00e9conomique entre le S\u00e9n\u00e9gal et la Gambie. Il faut noter qu\u2019une riche histoire et des liens culturels profonds unissent les deux pays.<\/p>\n\n\n\n<p>\u00ab Nous avons aussi des aspirations similaires pour un d\u00e9veloppement prosp\u00e8re et harmonieux des deux peuples. La coop\u00e9ration est une vision commune de paix, de stabilit\u00e9 et de d\u00e9veloppement. Ce forum est un t\u00e9moin de notre engagement commun d\u2019une croissance \u00e9conomique et du bien-\u00eatre des populations \u00bb, a fait observer le chef du Gouvernement s\u00e9n\u00e9galais.&nbsp; L\u2019Afrique de l\u2019Ouest regorgeant de potentialit\u00e9s \u00e9conomiques ne peut en tirer davantage d\u2019opportunit\u00e9s qu\u2019en renfor\u00e7ant le pilier de la r\u00e9silience d\u2019une part et d\u2019autre part la diversification de ses activit\u00e9s \u00e9conomiques.&nbsp; \u00ab C\u2019est d\u2019ailleurs l\u2019importance de cette rencontre qui va permettre des discussions autour des enjeux et travailler ensemble \u00e0 trouver des solutions. Ceci servira \u00e0 saisir les opportunit\u00e9s d\u2019investissement et d\u2019engagement mutuellement b\u00e9n\u00e9fiques mais aussi la cr\u00e9ation d\u2019un environnement favorable aux affaires \u00bb, a inform\u00e9 Amadou Ba.<\/p>\n\n\n\n<p>Il s\u2019agira aussi de d\u00e9gager des pistes pouvant aider \u00e0 faciliter l\u2019implication et la facilitation de l\u2019intervention des secteurs priv\u00e9s dans le d\u00e9veloppement \u00e9conomique et de la cr\u00e9ation d\u2019emplois. \u00ab J\u2019encourage vivement les entrepreneurs et les investisseurs des deux pays partenaires \u00e0 saisir les opportunit\u00e9s d\u2019investissement dans les secteurs de l\u2019agriculture, la p\u00eache, l\u2019artisanat, l\u2019industrie et tous les secteurs pourvoyeurs d\u2019opportunit\u00e9s de part et d\u2019autre \u00bb, conseille le Premier Ministre, Amadou Ba.<\/p>\n\n\n\n<p>LESOLEIL<\/p>\n","protected":false},"excerpt":{"rendered":"<p>Les Gouvernements s\u00e9n\u00e9galais et gambien s\u2019engagent \u00e0 mettre en place des cadres r\u00e9glementaires, transparents et pr\u00e9visibles. Les axes d\u2019engagements concernent<\/p>\n","protected":false},"author":1,"featured_media":24046,"comment_status":"open","ping_status":"open","sticky":false,"template":"","format":"standard","meta":{"footnotes":""},"categories":[3],"tags":[],"class_list":["post-24045","post","type-post","status-publish","format-standard","has-post-thumbnail","hentry","category-event-more-news"],"_links":{"self":[{"href":"https:\/\/dekkbi.com\/index.php?rest_route=\/wp\/v2\/posts\/24045","targetHints":{"allow":["GET"]}}],"collection":[{"href":"https:\/\/dekkbi.com\/index.php?rest_route=\/wp\/v2\/posts"}],"about":[{"href":"https:\/\/dekkbi.com\/index.php?rest_route=\/wp\/v2\/types\/post"}],"author":[{"embeddable":true,"href":"https:\/\/dekkbi.com\/index.php?rest_route=\/wp\/v2\/users\/1"}],"replies":[{"embeddable":true,"href":"https:\/\/dekkbi.com\/index.php?rest_route=%2Fwp%2Fv2%2Fcomments&post=24045"}],"version-history":[{"count":1,"href":"https:\/\/dekkbi.com\/index.php?rest_route=\/wp\/v2\/posts\/24045\/revisions"}],"predecessor-version":[{"id":24047,"href":"https:\/\/dekkbi.com\/index.php?rest_route=\/wp\/v2\/posts\/24045\/revisions\/24047"}],"wp:featuredmedia":[{"embeddable":true,"href":"https:\/\/dekkbi.com\/index.php?rest_route=\/wp\/v2\/media\/24046"}],"wp:attachment":[{"href":"https:\/\/dekkbi.com\/index.php?rest_route=%2Fwp%2Fv2%2Fmedia&parent=24045"}],"wp:term":[{"taxonomy":"category","embeddable":true,"href":"https:\/\/dekkbi.com\/index.php?rest_route=%2Fwp%2Fv2%2Fcategories&post=24045"},{"taxonomy":"post_tag","embeddable":true,"href":"https:\/\/dekkbi.com\/index.php?rest_route=%2Fwp%2Fv2%2Ftags&post=24045"}],"curies":[{"name":"wp","href":"https:\/\/api.w.org\/{rel}","templated":true}]}}