{"id":24014,"date":"2023-10-26T13:31:06","date_gmt":"2023-10-26T13:31:06","guid":{"rendered":"https:\/\/dekkbi.com\/?p=24014"},"modified":"2023-10-26T13:31:07","modified_gmt":"2023-10-26T13:31:07","slug":"tourisme-redorer-le-lustre-de-la-capitale-faire-de-dakar-une-destination-phare","status":"publish","type":"post","link":"https:\/\/dekkbi.com\/?p=24014","title":{"rendered":"Tourisme \u2013 Redorer le lustre de la capitale : Faire de Dakar une destination phare"},"content":{"rendered":"\n<p>Rendre la capitale attrayante et booster son d\u00e9veloppement \u00e9conomique, telle est la volont\u00e9 de la mairie de Dakar. Les Rencontres internationales de la culture, de l\u2019artisanat et du tourisme (Ricat) vont permettre de repositionner ces secteurs en vue de donner \u00e0 la ville un meilleur lustre.Par Justin GOMIS \u2013 La ville de Dakar va organiser les Rencontres internationales de la culture, de l\u2019artisanat et du tourisme (Ricat) du 1er au 5 novembre prochain. La c\u00e9r\u00e9monie de lancement a \u00e9t\u00e9 faite ce lundi dans les jardins de la mairie. Cette deuxi\u00e8me \u00e9dition,  qui sera organis\u00e9e sur le th\u00e8me : \u00abQuelle offre pour vendre la ville de Dakar\u00bb, est financ\u00e9e \u00e0 hauteur de 250 millions de francs. L\u2019objectif vis\u00e9 par la mairie et  ses partenaires, c\u2019est de rendre la ville de Dakar attrayante, attractive et utile pour ses populations. Faire de Dakar une destination touristique, une ville qui offre beaucoup d\u2019opportunit\u00e9s en cr\u00e9ant des activit\u00e9s de jeunes. Car, d\u2019apr\u00e8s Khalifa Dram\u00e9, Dakar est la seule capitale au monde qui n\u2019a pas d\u2019a\u00e9roport. \u00abDepuis qu\u2019on a d\u00e9plac\u00e9 l\u2019A\u00e9roport international \u00e0 Diass, beaucoup d\u2019h\u00f4tels, de restaurants et de bo\u00eetes de nuit ont ferm\u00e9\u00bb, d\u00e9plore-t-il. L\u2019id\u00e9e aujourd\u2019hui, c\u2019est de repositionner Dakar comme un hub touristique, en faisant de la capitale une destination phare \u00e0 travers les Ricat.\u00abLes Ricat-Dakar sont une manifestation destin\u00e9e \u00e0 doter la ville de Dakar d\u2019un \u00e9v\u00e9nement structurant, \u00e0 l\u2019instar des grandes villes \u00e0 travers le monde, pr\u00e9sentant l\u2019offre de destination multisectorielle et multi-acteurs dans le but de renforcer l\u2019attractivit\u00e9 et l\u2019image de ville d\u2019affaires, culturelle, vivante et accueillante s\u2019inscrivant dans l\u2019\u00e9volution des cit\u00e9s modernes\u00bb, indique-t-on dans le pr\u00e9ambule. Pour atteindre ces objectifs, il s\u2019agira pour les organisateurs, de mener des r\u00e9flexions dans tous les secteurs du tourisme, de la culture, de l\u2019artisanat et de l\u2019environnement. \u00abNous avons pens\u00e9, avec le pr\u00e9sident du Comit\u00e9 scientifique, aller vers l\u2019articulation de la grappe. La grappe tourisme industrie culturelle, ou artisanat et environnement. C\u2019est une grappe qui  peut vraiment travailler pour vendre la destination Dakar. Cette grappe rec\u00e8le d\u2019importantes ressources. Si vous prenez le tourisme, c\u2019est la deuxi\u00e8me ma\u00admelle de l\u2019\u00e9conomie du S\u00e9n\u00e9gal. C\u2019est cette locomotive qui va diriger des secteurs comme la culture, l\u2019artisanat et l\u2019environnement\u00bb, informe le pr\u00e9sident de l\u2019association Goorgoorlou  Koom, partenaire de la ville de Dakar pour les  Ricats (Rencontres internationales de la culture, de l\u2019artisanat  et du tourisme). A l\u2019en croire, \u00abl\u2019organisation mondiale du tourisme dit que jusqu\u2019\u00e0 l\u2019horizon 2050, les pays \u00e0 vocation de culture, de biodiversit\u00e9 et d\u2019environnement en g\u00e9n\u00e9ral, vont attirer le maximum de flux touristiques. Dans les derni\u00e8res pr\u00e9visions 2019-2020, ils disent que sur le milliard 100 millions d\u2019individus ayant voyag\u00e9, pratiquement la moiti\u00e9 est partie pour la culture et pour l\u2019environnement\u00bb. Et avec une capitale qui rec\u00e8le d\u2019importantes infrastructures et sites dans ces domaines, l\u2019ambition de l\u2019Etat du S\u00e9n\u00e9gal est aujourd\u2019hui d\u2019attirer 3 millions de touristes \u00e0 partir de 2026.De l\u2019avis de M. Dram\u00e9, \u00abDakar peut se positionner en disant que sur ces trois millions, je veux un million 500 mille touristes parce que les infrastructures que j\u2019ai me le permettent. Il y a plus d\u2019h\u00f4tels \u00e0 Dakar que dans les autres r\u00e9gions. Il y a plus d\u2019infrastructures culturelles aussi comme les mus\u00e9es, les galeries, les centres culturels \u00e0 Dakar que dans les autres r\u00e9gions. Il y a plus de villages artisanaux \u00e0 Dakar que dans les r\u00e9gions. Cela veut dire que Dakar a une possibilit\u00e9, une capacit\u00e9 de pouvoir accueillir ce nombre\u00bb. Le pr\u00e9sident de l\u2019association Goorgoorlou Koom pense ainsi que cela va aider la culture, le tourisme, l\u2019artisanat et l\u2019environnement \u00e0 se d\u00e9velopper dans la capitale.Attractivit\u00e9 de la destination DakarD\u2019ailleurs, c\u2019est toute la pertinence de cet \u00e9v\u00e9nement de dimension internationale organis\u00e9 pour la stabilit\u00e9 et  l\u2019attractivit\u00e9 de la destination Dakar. Mais pour cr\u00e9er les conditions d\u2019une appropriation de ces Rencontres internationales, la mairie a travaill\u00e9 avec l\u2019ensemble des directions et services de la ville, les  communes pour aller \u00e0 la d\u00e9couverte de ce potentiel culturel, artistique, artisanal et environnemental. \u00abCela va permettre aux agences de voyage et de tourisme qui sont l\u00e0 d\u2019am\u00e9liorer leur offre. Nous avons une offre obsol\u00e8te \u00e0 Dakar. Depuis 30 ans, nous vendons la m\u00eame chose\u00bb, indique Khalifa Dram\u00e9. Avant  de d\u00e9cliner le programme de ces Ricat : \u00abIl y aura un forum scientifique qui sera organis\u00e9 avec des experts venus du S\u00e9n\u00e9gal et de l\u2019ext\u00e9rieur, pour nous aider \u00e0 produire un document scientifique, strat\u00e9gique qui permettra \u00e0 la ville  de travailler avec l\u2019ensemble des projets qui sont d\u00e9j\u00e0 l\u00e0, de  bien les corroborer pour arriver dans les 5 prochaines ann\u00e9es \u00e0 une situation pour dire voil\u00e0 ce que la ville a r\u00e9alis\u00e9 comme projet.\u00bb La troisi\u00e8me activit\u00e9, l\u2019exposition, va montrer tout \u00e7a. Car la  ville d\u00e9pense des centaines de millions  pour la culture, beaucoup d\u2019argent pour l\u2019environnement et l\u2019artisanat, mais malheureusement, ce n\u2019est pas visible. Les Ricat vont permettre \u00e0 tous ces projets d\u2019\u00eatre visibles. Comme quatri\u00e8me activit\u00e9, les plateaux artistiques \u00e0 Dakar. \u00abCeux qui ont aujourd\u2019hui 40 ans ou 50 ans peuvent le savoir. Dakar \u00e9tait le hub culturel de l\u2019Afrique. M\u00eame pour aller aux Etats-Unis, en France, les gens voulaient d\u2019abord passer faire un concert \u00e0 Dakar. Mais aujourd\u2019hui, il n\u2019y a plus de ces grands \u00e9v\u00e9nements \u00e0 Dakar. Les grands concerts ne sont plus l\u00e0. Il y a beaucoup de bo\u00eetes de nuit et de restaurants qui sont en train d\u2019\u00eatre ferm\u00e9s. C\u2019est pourquoi nous voulons, par ce biais, repositionner la destination Dakar. Les plateaux artistiques vont permettre de voir la richesse culturelle et artistique de la ville de Dakar, et pour pouvoir faire des programmes autour de \u00e7a\u00bb, pr\u00e9cise-t-il.Dans le m\u00eame sillage, il y aura des rencontres de professionnels B to B et des expositions, une familiarisation de l\u2019offre par l\u2019organisation d\u2019un Educ\u2019Tour, une sensibilisation du grand public par des journ\u00e9es portes ouvertes et une animation continue par la manifestation de multiples facettes culturelles de Dakar (danse, chant, mode, gastronomie, slam, peinture, artisanat d\u2019art, graffiti). Selon Ibrahima Seydi, adjoint au maire charg\u00e9 du commerce, de l\u2019artisanat et de l\u2019industrie, pr\u00e9sident du comit\u00e9 de pilotage des Ricat, \u00abun  forum, des expositions dans la ville de Dakar, une randonn\u00e9e avec les bambins, une journ\u00e9e d\u00e9di\u00e9e \u00e0 la jeunesse qui se passera avec les lyc\u00e9ens. Les directions de la Ville de Dakar seront de la partie, les groupements de femmes, de jeunes, en partenariat avec la Ville de Dakar, seront de la partie\u00bb.<\/p>\n\n\n\n<p>justin@lequotidien.sn<\/p>\n","protected":false},"excerpt":{"rendered":"<p>Rendre la capitale attrayante et booster son d\u00e9veloppement \u00e9conomique, telle est la volont\u00e9 de la mairie de Dakar. Les Rencontres<\/p>\n","protected":false},"author":1,"featured_media":1908,"comment_status":"open","ping_status":"open","sticky":false,"template":"","format":"standard","meta":{"footnotes":""},"categories":[21],"tags":[],"class_list":["post-24014","post","type-post","status-publish","format-standard","has-post-thumbnail","hentry","category-societe"],"_links":{"self":[{"href":"https:\/\/dekkbi.com\/index.php?rest_route=\/wp\/v2\/posts\/24014","targetHints":{"allow":["GET"]}}],"collection":[{"href":"https:\/\/dekkbi.com\/index.php?rest_route=\/wp\/v2\/posts"}],"about":[{"href":"https:\/\/dekkbi.com\/index.php?rest_route=\/wp\/v2\/types\/post"}],"author":[{"embeddable":true,"href":"https:\/\/dekkbi.com\/index.php?rest_route=\/wp\/v2\/users\/1"}],"replies":[{"embeddable":true,"href":"https:\/\/dekkbi.com\/index.php?rest_route=%2Fwp%2Fv2%2Fcomments&post=24014"}],"version-history":[{"count":1,"href":"https:\/\/dekkbi.com\/index.php?rest_route=\/wp\/v2\/posts\/24014\/revisions"}],"predecessor-version":[{"id":24015,"href":"https:\/\/dekkbi.com\/index.php?rest_route=\/wp\/v2\/posts\/24014\/revisions\/24015"}],"wp:featuredmedia":[{"embeddable":true,"href":"https:\/\/dekkbi.com\/index.php?rest_route=\/wp\/v2\/media\/1908"}],"wp:attachment":[{"href":"https:\/\/dekkbi.com\/index.php?rest_route=%2Fwp%2Fv2%2Fmedia&parent=24014"}],"wp:term":[{"taxonomy":"category","embeddable":true,"href":"https:\/\/dekkbi.com\/index.php?rest_route=%2Fwp%2Fv2%2Fcategories&post=24014"},{"taxonomy":"post_tag","embeddable":true,"href":"https:\/\/dekkbi.com\/index.php?rest_route=%2Fwp%2Fv2%2Ftags&post=24014"}],"curies":[{"name":"wp","href":"https:\/\/api.w.org\/{rel}","templated":true}]}}