{"id":23963,"date":"2023-10-26T11:26:09","date_gmt":"2023-10-26T11:26:09","guid":{"rendered":"https:\/\/dekkbi.com\/?p=23963"},"modified":"2023-10-26T11:26:10","modified_gmt":"2023-10-26T11:26:10","slug":"apres-une-visite-en-jordanie-emmanuel-macron-va-rencontrer-le-president-egyptien-al-sissi-2","status":"publish","type":"post","link":"https:\/\/dekkbi.com\/?p=23963","title":{"rendered":"Apr\u00e8s une visite en Jordanie, Emmanuel Macron va rencontrer le pr\u00e9sident \u00e9gyptien al-Sissi"},"content":{"rendered":"\n<p>Emmanuel Macron va se rendre au Caire apr\u00e8s une visite en Jordanie. L\u2019objectif pour le pr\u00e9sident fran\u00e7ais est d&rsquo;\u00e9largir le cercle des interlocuteurs et continuer \u00e0 tester sa proposition d&rsquo;une coalition contre le terrorisme.<\/p>\n\n\n\n<p>C\u2019\u00e9tait dans l\u2019air depuis mardi, mais c\u2019est officiel, depuis ce mercredi 25 octobre, Emmanuel Macron se rend au Caire en \u00c9gypte pour rencontrer le pr\u00e9sident al-Sissi apr\u00e8s son entretien avec le roi Abdallah II de Jordanie \u00e0 Amman. Une d\u00e9claration est pr\u00e9vue vers 16 heures locales (13 heures TU) \u00e0 l&rsquo;issue de leur t\u00eate-\u00e0-t\u00eate.<\/p>\n\n\n\n<p>Apr\u00e8s des visites en Isra\u00ebl et en Cisjordanie occup\u00e9e, ces deux visites sont a priori la derni\u00e8re \u00e9tape de sa tourn\u00e9e au Proche-Orient. Mais depuis l&rsquo;arriv\u00e9e du pr\u00e9sident fran\u00e7ais le mardi 24 octobre en Isra\u00ebl, les choses ne cessent de bouger. Emmanuel Macron veut marquer les esprits avec ce d\u00e9placement et il fait tout pour rencontrer le maximum d\u2019interlocuteurs r\u00e9gionaux, rapporte notre envoy\u00e9e sp\u00e9ciale \u00e0 Amman, Val\u00e9rie Gas. <\/p>\n\n\n\n<p>En Jordanie, Emmanuel Macron a fait un point sur la situation avec l&rsquo;agence de l&rsquo;ONU pour les r\u00e9fugi\u00e9s palestiniens (UNRWA). \u00ab Acc\u00e8s \u00e0 l&rsquo;\u00e9lectricit\u00e9, en particulier pour les h\u00f4pitaux, acc\u00e8s \u00e0 l&rsquo;eau et \u00e0 l&rsquo;aide alimentaire: nous sommes mobilis\u00e9s pour r\u00e9pondre aux besoins urgents des Palestiniens \u00bb, a-t-il assur\u00e9 sur X (ex-Twitter) en saluant l&rsquo;agence \u00ab dont l&rsquo;engagement pour les populations est vital \u00bb.<\/p>\n\n\n\n<p>Le jeu diplomatique de la FranceL&rsquo;\u00c9gypte quant \u00e0 elle est un m\u00e9diateur incontournable entre Palestiniens et Isra\u00e9liens et est partie des n\u00e9gociations pour la lib\u00e9ration des plus de 200 otages enlev\u00e9s en Isra\u00ebl par le Hamas. Elle tient \u00e9galement l&rsquo;unique ouverture sur le monde de la bande de Gaza qui ne soit pas contr\u00f4l\u00e9e par Isra\u00ebl. C&rsquo;est depuis l&rsquo;\u00c9gypte que parviennent au compte-goutte depuis samedi des camions d&rsquo;aide humanitaire, au grand dam de l&rsquo;ONU qui r\u00e9clame une aide massive pour les 2,4 millions de Gazaouis priv\u00e9s de tout.L&rsquo;objectif du chef de l&rsquo;\u00c9tat fran\u00e7ais est donc d\u2019essayer de relancer les n\u00e9gociations politiques apr\u00e8s la crise provoqu\u00e9e par l\u2019attaque du Hamas contre Isra\u00ebl le 7 octobre dernier. Une ambition qui passe par sa proposition inattendue de former une coalition r\u00e9gionale et internationale pour lutter contre le terrorisme, dont la faisabilit\u00e9 hypoth\u00e9tique pour le moment d\u00e9pend de la volont\u00e9 d\u2019Isra\u00ebl qui veut \u00e9radiquer le Hamas en menant une op\u00e9ration terrestre \u00e0 Gaza. Mais cela d\u00e9pend aussi de l\u2019engagement des mains arabes dans un processus de coordination qui ne va pas forc\u00e9ment dans le sens des attentes de leurs populations.Emmanuel Macron, rattrap\u00e9 lui-m\u00eame par des attentats islamistes en France, a donc pris soin d&rsquo;afficher une politique \u00e9quilibr\u00e9e dans la r\u00e9gion, avec l&rsquo;ambition d&rsquo;y jouer un r\u00f4le pour tenter de surmonter le s\u00e9isme provoqu\u00e9 par l&rsquo;attaque du Hamas.<\/p>\n\n\n\n<p>SOURCE RFI<\/p>\n\n\n\n<p><\/p>\n","protected":false},"excerpt":{"rendered":"<p>Emmanuel Macron va se rendre au Caire apr\u00e8s une visite en Jordanie. L\u2019objectif pour le pr\u00e9sident fran\u00e7ais est d&rsquo;\u00e9largir le<\/p>\n","protected":false},"author":1,"featured_media":23936,"comment_status":"open","ping_status":"open","sticky":false,"template":"","format":"standard","meta":{"footnotes":""},"categories":[51],"tags":[],"class_list":["post-23963","post","type-post","status-publish","format-standard","has-post-thumbnail","hentry","category-general"],"_links":{"self":[{"href":"https:\/\/dekkbi.com\/index.php?rest_route=\/wp\/v2\/posts\/23963","targetHints":{"allow":["GET"]}}],"collection":[{"href":"https:\/\/dekkbi.com\/index.php?rest_route=\/wp\/v2\/posts"}],"about":[{"href":"https:\/\/dekkbi.com\/index.php?rest_route=\/wp\/v2\/types\/post"}],"author":[{"embeddable":true,"href":"https:\/\/dekkbi.com\/index.php?rest_route=\/wp\/v2\/users\/1"}],"replies":[{"embeddable":true,"href":"https:\/\/dekkbi.com\/index.php?rest_route=%2Fwp%2Fv2%2Fcomments&post=23963"}],"version-history":[{"count":1,"href":"https:\/\/dekkbi.com\/index.php?rest_route=\/wp\/v2\/posts\/23963\/revisions"}],"predecessor-version":[{"id":23964,"href":"https:\/\/dekkbi.com\/index.php?rest_route=\/wp\/v2\/posts\/23963\/revisions\/23964"}],"wp:featuredmedia":[{"embeddable":true,"href":"https:\/\/dekkbi.com\/index.php?rest_route=\/wp\/v2\/media\/23936"}],"wp:attachment":[{"href":"https:\/\/dekkbi.com\/index.php?rest_route=%2Fwp%2Fv2%2Fmedia&parent=23963"}],"wp:term":[{"taxonomy":"category","embeddable":true,"href":"https:\/\/dekkbi.com\/index.php?rest_route=%2Fwp%2Fv2%2Fcategories&post=23963"},{"taxonomy":"post_tag","embeddable":true,"href":"https:\/\/dekkbi.com\/index.php?rest_route=%2Fwp%2Fv2%2Ftags&post=23963"}],"curies":[{"name":"wp","href":"https:\/\/api.w.org\/{rel}","templated":true}]}}