{"id":2393,"date":"2022-10-27T09:07:38","date_gmt":"2022-10-27T09:07:38","guid":{"rendered":"https:\/\/dekkbi.com\/?p=2393"},"modified":"2022-10-27T09:07:39","modified_gmt":"2022-10-27T09:07:39","slug":"afrique-senegal-un-pret-de-plus-de-63-millions-deuros-pour-la-mise-en-place-dune-agropole-dans-quatre-regions-du-centre-du-pays","status":"publish","type":"post","link":"https:\/\/dekkbi.com\/?p=2393","title":{"rendered":"Afrique &#8211; S\u00e9n\u00e9gal : un pr\u00eat de plus de 63 millions d\u2019euros pour la mise en place d\u2019une agropole dans quatre r\u00e9gions du Centre du pays"},"content":{"rendered":"\n<figure class=\"wp-block-table\"><table><tbody><tr><td><strong>S\u00e9n\u00e9gal : un pr\u00eat de plus de 63 millions d&rsquo;euros pour la mise en place d&rsquo;une agropole dans quatre r\u00e9gions du Centre du pays<\/strong><\/td><\/tr><tr><td><strong><em>Le projet, qui sera mis en \u0153uvre par le minist\u00e8re du D\u00e9veloppement industriel et des Petites et moyennes industries, va couvrir quatre r\u00e9gions au centre du pays<\/em><\/strong><\/td><\/tr><tr><td><\/td><\/tr><tr><td>ABIDJAN, C\u00f4te d&rsquo;Ivoire, 26 octobre 2022\/ &#8212;\u00a0Le Conseil d&rsquo;administration du Groupe de la Banque africaine de d\u00e9veloppement (https:\/\/www.AfDB.org\/) a approuv\u00e9 le 26 octobre 2022, \u00e0 Abidjan, un pr\u00eat de 63,6 millions d&rsquo;euros au S\u00e9n\u00e9gal pour financer la mise en \u0153uvre du Projet de zone de transformation agro-industrielle du Centre, d\u00e9nomm\u00e9 Agropole-Centre. Le projet, qui sera mis en \u0153uvre par le minist\u00e8re du D\u00e9veloppement industriel et des Petites et moyennes industries, va couvrir quatre r\u00e9gions au centre du pays\u00a0: Kaolack, Kaffrine, Fatick et Diourbel. Sa r\u00e9alisation va contribuer \u00e0 accro\u00eetre les exportations agricoles et r\u00e9duire par cons\u00e9quent les importations de denr\u00e9es alimentaires ainsi que l&rsquo;ins\u00e9curit\u00e9 alimentaire en milieu rural.\u00ab\u00a0La Banque est un partenaire cl\u00e9 du S\u00e9n\u00e9gal dans la mise en \u0153uvre de cinq agropoles comp\u00e9titives int\u00e9gr\u00e9es pr\u00e9vues dans le cadre du Plan S\u00e9n\u00e9gal \u00e9mergent, \u00e0 travers un partenariat public-priv\u00e9. Apr\u00e8s l&rsquo;agropole Sud approuv\u00e9e en 2019, nous finan\u00e7ons \u00e0 pr\u00e9sent celle de la r\u00e9gion du Centre du pays qui couvre un important bassin agricole\u00a0\u00bb, a d\u00e9clar\u00e9 Marie-Laure Akin Olugbade, directrice g\u00e9n\u00e9rale de la Banque africaine de d\u00e9veloppement pour l&rsquo;Afrique de l&rsquo;Ouest. Atsuko Toda, directrice du d\u00e9partement Infrastructures rurales et Finances agricoles a ensuite ajout\u00e9\u00a0que\u00a0: \u00ab\u00a0Le projet b\u00e9n\u00e9ficie ainsi des le\u00e7ons apprises pour ce type de projet agro-industriel, financ\u00e9 selon un partenariat public-priv\u00e9 \u00e0 travers l&rsquo;exp\u00e9rience accumul\u00e9e en C\u00f4te d&rsquo;Ivoire, en \u00c9thiopie, au Nig\u00e9ria, au Togo et au S\u00e9n\u00e9gal notamment et qui lui donne un avantage comparatif\u00a0\u00bb.Au cours de sa mise en \u0153uvre, le Projet de zone de transformation agro-industrielle du Centre va appuyer la mise en place d&rsquo;un fonds de d\u00e9veloppement des cha\u00eenes de valeur agro-industrielles (notamment l&rsquo;arachide, les c\u00e9r\u00e9ales et le sel) en faveur des organisations de producteurs et des PME\/PMI. Il sera sensible au genre et ciblera prioritairement les activit\u00e9s situ\u00e9es en amont et en aval de la production pour accro\u00eetre l&rsquo;inclusion financi\u00e8re des acteurs des cha\u00eenes de valeur.Par ailleurs, le module central d&rsquo;une superficie de 80 ha sera viabilis\u00e9 pour servir de hub r\u00e9pondant aux normes internationales, au conditionnement et stockage des produits agricoles, la production d&rsquo;\u00e9nergie, etc. Il sera compl\u00e9t\u00e9 par un r\u00e9seau de modules r\u00e9gionaux (30 hectares \u00e0 Fatick, 15 ha \u00e0 Kaffrine et 15 ha \u00e0 Diourbel) qui permettront ainsi une bonne int\u00e9gration horizontale et verticale des fili\u00e8res cibl\u00e9es.Les producteurs agricoles vont aussi b\u00e9n\u00e9ficier de semences de pr\u00e9base, d&rsquo;un bon acc\u00e8s aux connaissances et aux ressources (y compris non-financi\u00e8res et financi\u00e8res) ainsi que d&rsquo;une mise \u00e0 disposition de technologies performantes et climato-r\u00e9silientes : mat\u00e9riel d&rsquo;\u00e9conomie d&rsquo;eau marchant \u00e0 l&rsquo;\u00e9nergie solaire, techniques de d\u00e9fense et de restauration des sols. Pour ce faire, le partenariat nou\u00e9 notamment entre le minist\u00e8re en charge de l&rsquo;Industrie et celui de l&rsquo;Agriculture dans le cadre du programme des agropoles comp\u00e9titives int\u00e9gr\u00e9es sera renforc\u00e9.\u00c0 l&rsquo;issue de la premi\u00e8re phase du projet (2023-2027), les r\u00e9sultats suivants sont attendus\u00a0: la transformation d&rsquo;au moins 400\u00a0000 tonnes d&rsquo;arachide, 100\u00a0000 tonnes de c\u00e9r\u00e9ales et 50\u00a0000 tonnes de sel\u00a0; la cr\u00e9ation et consolidation de 129\u00a0500 emplois directs et 208\u00a0800 emplois indirects (dont environ 52% pour les femmes). Sont \u00e9galement attendus, plus de 67,74 millions d&rsquo;euros d&rsquo;investissements priv\u00e9s \u00e0 travers 37 projets dans les fili\u00e8res agroindustrielles cl\u00e9s (arachide, c\u00e9r\u00e9ales, sel, produits animaux, etc.), ce qui devrait permettre de g\u00e9n\u00e9rer au moins 23,17 millions d&rsquo;euros de recettes fiscales pour l&rsquo;\u00c9tat s\u00e9n\u00e9galais.Le projet va cibler les exploitants agricoles et le secteur priv\u00e9 (petites et moyennes entreprises et industries incluses) susceptibles d&rsquo;investir notamment dans la transformation des produits agricoles et la fourniture de services. Plus de 80\u00a0000 m\u00e9nages, soit pr\u00e8s de 460\u00a0000 personnes (50% de femmes et 60% de jeunes) vont b\u00e9n\u00e9ficier du projet qui devrait entra\u00eener une augmentation de leurs revenus annuels d&rsquo;environ 30%. Le ch\u00f4mage et le sous-emploi seront r\u00e9duits et la s\u00e9curit\u00e9 alimentaire et nutritionnelle des populations rurales renforc\u00e9e. Au moins 1,2 million (51% femmes et 50% jeunes) de personnes vont b\u00e9n\u00e9ficier indirectement des retomb\u00e9es du projet.Au 31 ao\u00fbt 2022, le portefeuille actif de la Banque africaine de d\u00e9veloppement au S\u00e9n\u00e9gal, comprenait 33 op\u00e9rations pour un engagement total de deux milliards de dollars.<br><br><em>Distribu\u00e9 par APO Group pour African Development Bank Group (AfDB).<\/em><\/td><\/tr><\/tbody><\/table><\/figure>\n","protected":false},"excerpt":{"rendered":"<p>S\u00e9n\u00e9gal : un pr\u00eat de plus de 63 millions d&rsquo;euros pour la mise en place d&rsquo;une agropole dans quatre r\u00e9gions<\/p>\n","protected":false},"author":1,"featured_media":2394,"comment_status":"open","ping_status":"open","sticky":false,"template":"","format":"standard","meta":{"footnotes":""},"categories":[3],"tags":[],"class_list":["post-2393","post","type-post","status-publish","format-standard","has-post-thumbnail","hentry","category-event-more-news"],"_links":{"self":[{"href":"https:\/\/dekkbi.com\/index.php?rest_route=\/wp\/v2\/posts\/2393","targetHints":{"allow":["GET"]}}],"collection":[{"href":"https:\/\/dekkbi.com\/index.php?rest_route=\/wp\/v2\/posts"}],"about":[{"href":"https:\/\/dekkbi.com\/index.php?rest_route=\/wp\/v2\/types\/post"}],"author":[{"embeddable":true,"href":"https:\/\/dekkbi.com\/index.php?rest_route=\/wp\/v2\/users\/1"}],"replies":[{"embeddable":true,"href":"https:\/\/dekkbi.com\/index.php?rest_route=%2Fwp%2Fv2%2Fcomments&post=2393"}],"version-history":[{"count":1,"href":"https:\/\/dekkbi.com\/index.php?rest_route=\/wp\/v2\/posts\/2393\/revisions"}],"predecessor-version":[{"id":2395,"href":"https:\/\/dekkbi.com\/index.php?rest_route=\/wp\/v2\/posts\/2393\/revisions\/2395"}],"wp:featuredmedia":[{"embeddable":true,"href":"https:\/\/dekkbi.com\/index.php?rest_route=\/wp\/v2\/media\/2394"}],"wp:attachment":[{"href":"https:\/\/dekkbi.com\/index.php?rest_route=%2Fwp%2Fv2%2Fmedia&parent=2393"}],"wp:term":[{"taxonomy":"category","embeddable":true,"href":"https:\/\/dekkbi.com\/index.php?rest_route=%2Fwp%2Fv2%2Fcategories&post=2393"},{"taxonomy":"post_tag","embeddable":true,"href":"https:\/\/dekkbi.com\/index.php?rest_route=%2Fwp%2Fv2%2Ftags&post=2393"}],"curies":[{"name":"wp","href":"https:\/\/api.w.org\/{rel}","templated":true}]}}