{"id":23911,"date":"2023-10-25T10:59:50","date_gmt":"2023-10-25T10:59:50","guid":{"rendered":"https:\/\/dekkbi.com\/?p=23911"},"modified":"2023-10-25T10:59:50","modified_gmt":"2023-10-25T10:59:50","slug":"application-de-la-reforme-sur-le-statut-des-travailleurs-de-la-justice-le-sytjust-depose-un-preavis-de-greve","status":"publish","type":"post","link":"https:\/\/dekkbi.com\/?p=23911","title":{"rendered":"Application de la r\u00e9forme sur le Statut des travailleurs de la Justice : Le Sytjust d\u00e9pose un pr\u00e9avis de gr\u00e8ve"},"content":{"rendered":"\n<p>Apr\u00e8s plusieurs mois d\u2019accalmie, le Syndicat des travailleurs de la justice (Sytjust) risque de reprendre la gr\u00e8ve. Il a d\u00e9pos\u00e9 un pr\u00e9avis ce 19 octobre 2023. Pourquoi ? \u00abNous voulons mettre le ministre de la Fonction publique devant ses responsabilit\u00e9s, suite \u00e0 son refus d\u2019harmoniser sa position \u00e0 celle du Garde des sceaux, ministre de la Justice, qui a pos\u00e9 des actes pour corriger un sabotage de la r\u00e9forme qui consacre le passage des greffiers \u00e0 la hi\u00e9rarchie A2 et le reclassement du personnel du minist\u00e8re de la Justice dans le corps des assistants des greffes et parquets\u00bb, assure Me Ameth Tour\u00e9, Secr\u00e9taire g\u00e9n\u00e9ral charg\u00e9 des revendications du Sytjust. Il rappelle que ce projet de loi a \u00e9t\u00e9 examin\u00e9 et adopt\u00e9 par le gouvernement lors du Conseil des ministres du 25 juillet 2018. 5 ans d\u2019attente. \u00abDes juristes de l\u2019entourage du ministre de la Fonction publique avaient d\u00e9natur\u00e9 volontairement le projet de d\u00e9cret portant statut particulier du cadre des fonctionnaires de la Justice apr\u00e8s que celui-ci avait \u00e9t\u00e9 examin\u00e9 et adopt\u00e9 par le gouvernement lors du Conseil des ministres du 25 juillet 2018\u00bb, ajoute-t-il. Il encha\u00eene : \u00abCette grave falsification a caus\u00e9 un extr\u00eame d\u00e9sordre statutaire avec la coexistence de greffiers de la hi\u00e9rarchie B2 et des greffiers de la hi\u00e9rarchie A2 dans les cours et tribunaux, les seconds r\u00e9cemment recrut\u00e9s \u00e9tant plus grad\u00e9s que les premiers qui sont plus anciens. Les greffiers et le personnel de la Justice sont ainsi maintenus dans la pr\u00e9carit\u00e9 statuaire que le gouvernement s\u2019\u00e9tait engag\u00e9 \u00e0 corriger. Par cons\u00e9quent, le Sytjust exige du ministre de la Fonction publique, conform\u00e9ment \u00e0 ses attributions, le portage \u00e0 la signature du pr\u00e9sident de la R\u00e9publique du nouveau projet de d\u00e9cret que le ministre de la Justice a fait \u00e9laborer par les soins des services techniques de son d\u00e9partement.\u00bb<\/p>\n\n\n\n<p>Pour le Sytjust, c\u2019est \u00abune situation in\u00e9dite et invraisemblable\u00bb. Il esp\u00e8re que les pourparlers vont se poursuivre. \u00abNous avons donc d\u00e9cid\u00e9 de mettre en demeure le ministre de la Fonction publique qui, aujourd\u2019hui, cr\u00e9e des difficult\u00e9s. Il ne semble pas \u00eatre \u00e0 la hauteur de la mission qui lui est confi\u00e9e. Alors qu\u2019il est charg\u00e9 de la modernisation du service public. Les travailleurs ont droit \u00e0 un plan de carri\u00e8re qui leur permettra d\u2019\u00e9voluer dans le cadre qu\u2019ils ont choisi. C\u2019est pour \u00e7a que nous nous adressons solennellement au pr\u00e9sident de la R\u00e9publique, qui a \u00e9t\u00e9 toujours attentif et r\u00e9ceptif \u00e0 notre plaidoyer. Il avait donn\u00e9 des instructions \u00e0 ses ministres. 5 ans plus tard, cette r\u00e9forme tarde \u00e0 voir le jour. S\u2019il y a lieu de passer \u00e0 la gr\u00e8ve, on le fera. Notre patience a \u00e9t\u00e9 mise \u00e0 rude \u00e9preuve. Notre volont\u00e9 de dialoguer est en train de buter sur une mauvaise volont\u00e9 du ministre de la Fonction publique\u00bb, insiste Me Amath Tour\u00e9.<\/p>\n\n\n\n<p>LE QUOTIDIENT<\/p>\n","protected":false},"excerpt":{"rendered":"<p>Apr\u00e8s plusieurs mois d\u2019accalmie, le Syndicat des travailleurs de la justice (Sytjust) risque de reprendre la gr\u00e8ve. Il a d\u00e9pos\u00e9<\/p>\n","protected":false},"author":1,"featured_media":8517,"comment_status":"open","ping_status":"open","sticky":false,"template":"","format":"standard","meta":{"footnotes":""},"categories":[21],"tags":[],"class_list":["post-23911","post","type-post","status-publish","format-standard","has-post-thumbnail","hentry","category-societe"],"_links":{"self":[{"href":"https:\/\/dekkbi.com\/index.php?rest_route=\/wp\/v2\/posts\/23911","targetHints":{"allow":["GET"]}}],"collection":[{"href":"https:\/\/dekkbi.com\/index.php?rest_route=\/wp\/v2\/posts"}],"about":[{"href":"https:\/\/dekkbi.com\/index.php?rest_route=\/wp\/v2\/types\/post"}],"author":[{"embeddable":true,"href":"https:\/\/dekkbi.com\/index.php?rest_route=\/wp\/v2\/users\/1"}],"replies":[{"embeddable":true,"href":"https:\/\/dekkbi.com\/index.php?rest_route=%2Fwp%2Fv2%2Fcomments&post=23911"}],"version-history":[{"count":1,"href":"https:\/\/dekkbi.com\/index.php?rest_route=\/wp\/v2\/posts\/23911\/revisions"}],"predecessor-version":[{"id":23912,"href":"https:\/\/dekkbi.com\/index.php?rest_route=\/wp\/v2\/posts\/23911\/revisions\/23912"}],"wp:featuredmedia":[{"embeddable":true,"href":"https:\/\/dekkbi.com\/index.php?rest_route=\/wp\/v2\/media\/8517"}],"wp:attachment":[{"href":"https:\/\/dekkbi.com\/index.php?rest_route=%2Fwp%2Fv2%2Fmedia&parent=23911"}],"wp:term":[{"taxonomy":"category","embeddable":true,"href":"https:\/\/dekkbi.com\/index.php?rest_route=%2Fwp%2Fv2%2Fcategories&post=23911"},{"taxonomy":"post_tag","embeddable":true,"href":"https:\/\/dekkbi.com\/index.php?rest_route=%2Fwp%2Fv2%2Ftags&post=23911"}],"curies":[{"name":"wp","href":"https:\/\/api.w.org\/{rel}","templated":true}]}}