{"id":23901,"date":"2023-10-25T10:49:18","date_gmt":"2023-10-25T10:49:18","guid":{"rendered":"https:\/\/dekkbi.com\/?p=23901"},"modified":"2023-10-25T11:05:57","modified_gmt":"2023-10-25T11:05:57","slug":"el-hadj-oumar-youm-notre-armee-est-prete-pour-faire-face-aux-menaces-interieures-et-exterieures","status":"publish","type":"post","link":"https:\/\/dekkbi.com\/?p=23901","title":{"rendered":"El Hadj Oumar Youm: \u00abNotre arm\u00e9e est pr\u00eate pour faire face aux menaces int\u00e9rieures et ext\u00e9rieures\u00bb"},"content":{"rendered":"\n<p>En visite de prise de contact ce mardi au camp Dial Diop de Dakar, le nouveau Le nouveau ministre des Forces arm\u00e9es, Oumar Youm, a jaug\u00e9 la pr\u00e9paration et la d\u00e9termination de ces hommes d\u00e9di\u00e9s \u00e0 la protection de la nation.\u00c0 l\u2019issue de la rencontre, le successeur de Me Sidiki Kaba (devenu ministre de l\u2019Int\u00e9rieur) s\u2019est notamment exprim\u00e9 avec admiration et confiance envers les troupes. \u00ab J\u2019ai vu une arm\u00e9e debout, pr\u00e9par\u00e9e, inform\u00e9e, engag\u00e9e et motiv\u00e9e \u00bb, a-t-il d\u00e9clar\u00e9, t\u00e9moignant ainsi de la robustesse et de la r\u00e9silience de nos forces en place.Il a \u00e9galement soulign\u00e9 la pr\u00e9paration de l\u2019arm\u00e9e s\u00e9n\u00e9galaise pour contrer toute menace, qu\u2019elle soit int\u00e9rieure ou ext\u00e9rieure. L\u2019int\u00e9grit\u00e9 territoriale du S\u00e9n\u00e9gal, un principe sacrosaint, est donc entre de bonnes mains.\u00ab L\u2019arm\u00e9e s\u00e9n\u00e9galaise est pr\u00eate pour faire face aux menaces int\u00e9rieures et ext\u00e9rieures \u00bb, a-t-il jur\u00e9. Et d\u2019ajouter : \u00ab Je me r\u00e9jouis de cela d\u2019abord en tant que citoyen s\u00e9n\u00e9galais et ensuite en tant que ministre des Forces arm\u00e9es \u00bb.Toutefois, conscient des d\u00e9fis constants et des menaces potentielles \u00e0 l\u2019horizon, le ministre a lanc\u00e9 un appel \u00e0 la vigilance, invitant \u00ab tout le monde \u00e0 doubler d\u2019effort pour veiller sur tous les aspects, afin d\u2019\u00e9radiquer les \u00e9ventuelles menaces\u00bb.Me Youm s\u2019est, par ailleurs, f\u00e9licit\u00e9 de l\u2019engagement des pouvoirs publics \u00e0 \u00e9quiper davantage l\u2019Arm\u00e9e nationale en augmentant ses effectifs et en lui dotant d\u2019infrastructures modernes. \u00ab Ce travail laisse peu de place \u00e0 l\u2019improvisation \u00bb.<\/p>\n\n\n\n<p>Lesoleil<\/p>\n","protected":false},"excerpt":{"rendered":"<p>En visite de prise de contact ce mardi au camp Dial Diop de Dakar, le nouveau Le nouveau ministre des<\/p>\n","protected":false},"author":1,"featured_media":23902,"comment_status":"open","ping_status":"open","sticky":false,"template":"","format":"standard","meta":{"footnotes":""},"categories":[21],"tags":[],"class_list":["post-23901","post","type-post","status-publish","format-standard","has-post-thumbnail","hentry","category-societe"],"_links":{"self":[{"href":"https:\/\/dekkbi.com\/index.php?rest_route=\/wp\/v2\/posts\/23901","targetHints":{"allow":["GET"]}}],"collection":[{"href":"https:\/\/dekkbi.com\/index.php?rest_route=\/wp\/v2\/posts"}],"about":[{"href":"https:\/\/dekkbi.com\/index.php?rest_route=\/wp\/v2\/types\/post"}],"author":[{"embeddable":true,"href":"https:\/\/dekkbi.com\/index.php?rest_route=\/wp\/v2\/users\/1"}],"replies":[{"embeddable":true,"href":"https:\/\/dekkbi.com\/index.php?rest_route=%2Fwp%2Fv2%2Fcomments&post=23901"}],"version-history":[{"count":1,"href":"https:\/\/dekkbi.com\/index.php?rest_route=\/wp\/v2\/posts\/23901\/revisions"}],"predecessor-version":[{"id":23903,"href":"https:\/\/dekkbi.com\/index.php?rest_route=\/wp\/v2\/posts\/23901\/revisions\/23903"}],"wp:featuredmedia":[{"embeddable":true,"href":"https:\/\/dekkbi.com\/index.php?rest_route=\/wp\/v2\/media\/23902"}],"wp:attachment":[{"href":"https:\/\/dekkbi.com\/index.php?rest_route=%2Fwp%2Fv2%2Fmedia&parent=23901"}],"wp:term":[{"taxonomy":"category","embeddable":true,"href":"https:\/\/dekkbi.com\/index.php?rest_route=%2Fwp%2Fv2%2Fcategories&post=23901"},{"taxonomy":"post_tag","embeddable":true,"href":"https:\/\/dekkbi.com\/index.php?rest_route=%2Fwp%2Fv2%2Ftags&post=23901"}],"curies":[{"name":"wp","href":"https:\/\/api.w.org\/{rel}","templated":true}]}}