{"id":23892,"date":"2023-10-25T10:41:52","date_gmt":"2023-10-25T10:41:52","guid":{"rendered":"https:\/\/dekkbi.com\/?p=23892"},"modified":"2023-10-25T10:41:53","modified_gmt":"2023-10-25T10:41:53","slug":"hausse-des-tarifs-delectricite-au-senegal-quelles-raisons-et-solutions","status":"publish","type":"post","link":"https:\/\/dekkbi.com\/?p=23892","title":{"rendered":"Hausse des tarifs d&rsquo;\u00e9lectricit\u00e9 au S\u00e9n\u00e9gal: Quelles raisons et solutions ?"},"content":{"rendered":"\n<p>La rencontre annuelle entre la direction g\u00e9n\u00e9rale de Senelec, les associations de consommateurs et le comit\u00e9 national de dialogue avec la client\u00e8le (CNDC) s&rsquo;est tenue r\u00e9cemment \u00e0 Dakar, offrant l&rsquo;opportunit\u00e9 \u00e0 la soci\u00e9t\u00e9 d&rsquo;\u00e9lectricit\u00e9 de clarifier la r\u00e9cente augmentation des tarifs. Cette hausse des co\u00fbts a suscit\u00e9 des pr\u00e9occupations parmi les consommateurs, mais la Senelec a affirm\u00e9 sa r\u00e9silience pour faire face aux d\u00e9fis ext\u00e9rieurs et garantir la qualit\u00e9 de service.<\/p>\n\n\n\n<p>La facture d&rsquo;\u00e9lectricit\u00e9 p\u00e8se de plus en plus lourd dans le budget des m\u00e9nages s\u00e9n\u00e9galais. La hausse de la demande en \u00e9lectricit\u00e9, due aux temp\u00e9ratures \u00e9lev\u00e9es depuis octobre, a \u00e9t\u00e9 avanc\u00e9e comme justification par le directeur de la Senelec, Papa Mademba Biteye. Cependant, il existe une autre raison sous-jacente \u00e0 cette augmentation.En 2023, l&rsquo;\u00c9tat du S\u00e9n\u00e9gal s&rsquo;est fix\u00e9 pour objectif de r\u00e9duire les subventions \u00e0 l&rsquo;\u00e9lectricit\u00e9. Cela a entra\u00een\u00e9 une limitation des subventions dans le secteur de l&rsquo;\u00e9nergie \u00e0 hauteur de 2,7% du Produit int\u00e9rieur brut (PIB), soit 258,1 milliards FCFA.En cons\u00e9quence, de nouveaux tarifs ont \u00e9t\u00e9 fix\u00e9s en janvier par la Commission de r\u00e9gulation du secteur de l&rsquo;\u00e9nergie (CRSE). Les clients de la deuxi\u00e8me tranche, consommant entre 150 et 250 kWh, ont vu une augmentation de 16,42%, soit 18,97% par kWh. Les clients de la troisi\u00e8me tranche, avec une consommation sup\u00e9rieure \u00e0 250 kWh et inf\u00e9rieure ou \u00e9gale \u00e0 700 kWh, ont subi une augmentation de 19,45% par kWh. Enfin, une augmentation de 16,91%, soit 14,31 FCFA, a \u00e9t\u00e9 appliqu\u00e9e aux clients domestiques de moyenne puissance consommant entre 700 et 1000 kWh par mois. Les clients de la premi\u00e8re tranche, dont la consommation ne d\u00e9passe pas 150 kWh par mois, ne sont pas concern\u00e9s par la hausse.Cependant, les associations de consommateurs soulignent que la hausse est particuli\u00e8rement significative d\u00e8s que l&rsquo;on d\u00e9passe la tranche dite sociale. La premi\u00e8re tranche, si l&rsquo;on y ajoute la taxe communale, co\u00fbte environ 93,44 FCFA. Or, la troisi\u00e8me tranche repr\u00e9sente le double de la premi\u00e8re.Face \u00e0 cette situation, Momar Ndao pr\u00e9conise une r\u00e9vision du syst\u00e8me de tarification. Il propose que la premi\u00e8re tranche, initialement fix\u00e9e \u00e0 150 kWh, soit relev\u00e9e \u00e0 300 kWh, et que la deuxi\u00e8me tranche, fix\u00e9e \u00e0 250 kWh, passe \u00e0 500 kWh, permettant ainsi \u00e0 un plus grand nombre de S\u00e9n\u00e9galais d&rsquo;acc\u00e9der \u00e0 un minimum de confort, compte tenu de l&rsquo;\u00e9volution des \u00e9quipements domestiques.Il est important de noter que malgr\u00e9 la r\u00e9duction des subventions, la Senelec d\u00e9clare un b\u00e9n\u00e9fice de 40 milliards de FCFA, mais ce chiffre est \u00e0 relativiser selon le secr\u00e9taire g\u00e9n\u00e9ral de la Senelec, Papa Toby Gaye. Il explique que ces b\u00e9n\u00e9fices seront investis pour fournir de l&rsquo;\u00e9lectricit\u00e9 aux zones rurales o\u00f9 60% de la population n&rsquo;a pas encore acc\u00e8s \u00e0 l&rsquo;\u00e9lectricit\u00e9.En ce qui concerne la r\u00e9vision de la tarification, le secr\u00e9taire g\u00e9n\u00e9ral rappelle que la fixation des tarifs n&rsquo;incombe pas \u00e0 la Senelec, mais il envisage une future rencontre avec la CRSE pour discuter des conditions qui pourraient permettre de revoir la tarification.En attendant, la Senelec encourage ses clients \u00e0 utiliser l&rsquo;\u00e9lectricit\u00e9 de mani\u00e8re plus efficace et \u00e0 adopter des pratiques d&rsquo;\u00e9conomie d&rsquo;\u00e9nergie.<\/p>\n\n\n\n<p>Birame Khary Ndaw<\/p>\n\n\n\n<p>source leral<\/p>\n\n\n\n<p><\/p>\n","protected":false},"excerpt":{"rendered":"<p>La rencontre annuelle entre la direction g\u00e9n\u00e9rale de Senelec, les associations de consommateurs et le comit\u00e9 national de dialogue avec<\/p>\n","protected":false},"author":1,"featured_media":23893,"comment_status":"open","ping_status":"open","sticky":false,"template":"","format":"standard","meta":{"footnotes":""},"categories":[3],"tags":[],"class_list":["post-23892","post","type-post","status-publish","format-standard","has-post-thumbnail","hentry","category-event-more-news"],"_links":{"self":[{"href":"https:\/\/dekkbi.com\/index.php?rest_route=\/wp\/v2\/posts\/23892","targetHints":{"allow":["GET"]}}],"collection":[{"href":"https:\/\/dekkbi.com\/index.php?rest_route=\/wp\/v2\/posts"}],"about":[{"href":"https:\/\/dekkbi.com\/index.php?rest_route=\/wp\/v2\/types\/post"}],"author":[{"embeddable":true,"href":"https:\/\/dekkbi.com\/index.php?rest_route=\/wp\/v2\/users\/1"}],"replies":[{"embeddable":true,"href":"https:\/\/dekkbi.com\/index.php?rest_route=%2Fwp%2Fv2%2Fcomments&post=23892"}],"version-history":[{"count":1,"href":"https:\/\/dekkbi.com\/index.php?rest_route=\/wp\/v2\/posts\/23892\/revisions"}],"predecessor-version":[{"id":23894,"href":"https:\/\/dekkbi.com\/index.php?rest_route=\/wp\/v2\/posts\/23892\/revisions\/23894"}],"wp:featuredmedia":[{"embeddable":true,"href":"https:\/\/dekkbi.com\/index.php?rest_route=\/wp\/v2\/media\/23893"}],"wp:attachment":[{"href":"https:\/\/dekkbi.com\/index.php?rest_route=%2Fwp%2Fv2%2Fmedia&parent=23892"}],"wp:term":[{"taxonomy":"category","embeddable":true,"href":"https:\/\/dekkbi.com\/index.php?rest_route=%2Fwp%2Fv2%2Fcategories&post=23892"},{"taxonomy":"post_tag","embeddable":true,"href":"https:\/\/dekkbi.com\/index.php?rest_route=%2Fwp%2Fv2%2Ftags&post=23892"}],"curies":[{"name":"wp","href":"https:\/\/api.w.org\/{rel}","templated":true}]}}