{"id":23867,"date":"2023-10-24T12:37:00","date_gmt":"2023-10-24T12:37:00","guid":{"rendered":"https:\/\/dekkbi.com\/?p=23867"},"modified":"2023-10-24T12:37:00","modified_gmt":"2023-10-24T12:37:00","slug":"centenaire-de-la-republique-turque-ankara-met-dakar-dans-la-danse","status":"publish","type":"post","link":"https:\/\/dekkbi.com\/?p=23867","title":{"rendered":"Centenaire de la R\u00e9publique turque : Ankara met Dakar dans la danse"},"content":{"rendered":"\n<p>La R\u00e9publique de Turquie, proclam\u00e9e le 29 octobre 1923 sous la direction de Gazi Mustafa Kemal Atat\u00fbrk, f\u00eate cette ann\u00e9e son centenaire. Point de d\u00e9part d\u2019une nouvelle vision, ce centenaire donnera lieu au S\u00e9n\u00e9gal, \u00e0 une large programmation qui a \u00e9t\u00e9 d\u00e9voil\u00e9e hier par Hatice Nur Sa\u011fman, ambassadrice de la R\u00e9publique de Turquie au S\u00e9n\u00e9gal.<\/p>\n\n\n\n<p>Par Ousmane SOW \u2013 Le 29 octobre 1923, l\u2019Assem\u00adbl\u00e9e nationale turque, r\u00e9unie \u00e0 Ankara, proclame la R\u00e9pu\u00adblique turque et consacre la mort de l\u2019empire ottoman. L\u2019anniversaire de ce jour est f\u00eate nationale en Turquie. \u00abC\u2019est toute la fiert\u00e9 de toute une population. Et nous laissons derri\u00e8re nous, le premier si\u00e8cle de la R\u00e9publique de Turquie. Donc, nous avons d\u00e9cid\u00e9 de faire de cet anniversaire, le point de d\u00e9part d\u2019une nouvelle vision qui marquera notre prochain si\u00e8cle qui commence \u00e0 partir du 29 octobre 2023 : Le si\u00e8cle de la Turquie. Le si\u00e8cle de la Turquie va \u00eatre une feuille de route, la construction d\u2019un avenir par 85 millions de Turcs qui s\u2019entraident dans l\u2019esprit de la guerre d\u2019ind\u00e9pendance\u00bb, a d\u00e9clar\u00e9 Hatice Nur Sa\u011fman, l\u2019ambassadrice de la R\u00e9publique de Turquie \u00e0 Dakar. Evidemment, cette c\u00e9l\u00e9bration ne va pas \u00eatre simplement un \u00e9v\u00e9nement pour les Turcs, mais sera aussi une f\u00eate pour les S\u00e9n\u00e9galais. \u00ab\u00c7a ne doit pas \u00eatre simplement des \u00e9v\u00e8nements turcs, mais on doit essayer de combiner avec le S\u00e9n\u00e9gal, faire une fusion. Nous serons accompagn\u00e9s par le Peuple s\u00e9n\u00e9galais, nous y croyons avec la participation de diff\u00e9rents organismes officiels d\u2019hommes et de femmes de sciences et de culture, d\u2019universitaires, de jeunes afin de cr\u00e9er une fusion entre nos deux cultures\u00bb, a fait savoir la diplomate turque.Afin de c\u00e9l\u00e9brer ce centenaire, l\u2019ambassade de la R\u00e9pu\u00adblique de Turquie, en partenariat avec l\u2019Institut Yunus Emre, la Fondation Maarif et ses sponsors, a d\u00e9cid\u00e9 d\u2019entreprendre une s\u00e9rie d\u2019activit\u00e9s culturelles et acad\u00e9miques conjointes, non seulement afin de marquer ensemble ces \u00e9v\u00e9nements historiques, mais aussi afin de souligner et de faire prendre conscience des relations toujours croissantes entre la Turquie et le S\u00e9n\u00e9gal. \u00abIl faudrait qu\u2019on rapproche plus les populations. On a \u00e9norm\u00e9ment de similitudes\u00bb, a \u00e9voqu\u00e9 la diplomate. Avant la c\u00e9r\u00e9monie officielle de la c\u00e9l\u00e9bration du centenaire pr\u00e9vue le 29 octobre, le groupe turc de musique classique Hakan G\u00fcng\u00f6r En\u00adsemble se produira au Festival Au Tour de Cordes \u00e0 Saint-Louis. \u00abNous retrouverons ces ambassadeurs de la musique turque pour la r\u00e9ception de la f\u00eate nationale de la R\u00e9publique de Turquie le lundi 30 novembre \u00e0 la Chancellerie de l\u2019ambassade de Turquie\u00bb, dit-elle, soutenant que la c\u00e9l\u00e9bration du centenaire se poursuivra durant le mois de novembre avec notamment du cin\u00e9\u00adma dont la projection du film Atat\u00fcrk : 1881-1918 du r\u00e9alisateur turc, Mehmet Ada \u00d6ztekin, de la litt\u00e9rature et de l\u2019astronomie avec la projection du documentaire Chasseurs d\u2019\u00e9toiles au S\u00e9n\u00e9gal, un film sur Maram Kaire qui sera projet\u00e9 le 23 novembre au Centre culturel turc Yunus Emre de Dakar. Dans la m\u00eame perspective, elle a annonc\u00e9 que les enfants ne seront pas en reste durant cette c\u00e9l\u00e9bration. Le 12 novembre au cin\u00e9ma Path\u00e9, une projection sp\u00e9ciale d\u2019un film d\u2019animation turc aura lieu. Un \u00e9v\u00e8nement qui sera, dit-t-elle, enti\u00e8rement d\u00e9di\u00e9 \u00e0 des enfants vivant en situation difficile et qui dans la vie normale, n\u2019ont pas la possibilit\u00e9 d\u2019aller voir un film. Et le 7 d\u00e9cembre, dira-t-elle encore, l\u2019ambassade de Turquie \u00e0 Dakar accueillera \u00e9galement l\u2019ouverture officielle de la Dakar Fashion Week. \u00abCet \u00e9v\u00e8nement a pour objectif de soutenir les jeunes cr\u00e9ateurs s\u00e9n\u00e9galais et de lever des fonds en faveur d\u2019une association caritative s\u00e9n\u00e9galaise. Ce sera aussi l\u2019occasion de d\u00e9couvrir la mode \u00e0 la s\u00e9n\u00e9galaise fabriqu\u00e9e avec des tissus turcs\u00bb, a-t-elle indiqu\u00e9. La c\u00e9l\u00e9bration de ce centenaire sera boucl\u00e9e avec un panel intitul\u00e9 : \u00abUn nouveau mod\u00e8le de partenariat pour l\u2019Afrique dans le nouveau si\u00e8cle : Turquie-S\u00e9n\u00e9gal.\u00bb L\u2019\u00e9v\u00e9nement sera organis\u00e9 le 12 d\u00e9cembre en collaboration avec l\u2019universit\u00e9 Cheikh Anta Diop. Il verra la participation d\u2019universitaires turcs et s\u00e9n\u00e9galais. \u00abCe mod\u00e8le de partenariat Turquie-S\u00e9n\u00e9gal est un mod\u00e8le qui a r\u00e9ussi\u00bb, a-t-elle assur\u00e9.<\/p>\n","protected":false},"excerpt":{"rendered":"<p>La R\u00e9publique de Turquie, proclam\u00e9e le 29 octobre 1923 sous la direction de Gazi Mustafa Kemal Atat\u00fbrk, f\u00eate cette ann\u00e9e<\/p>\n","protected":false},"author":1,"featured_media":23868,"comment_status":"open","ping_status":"open","sticky":false,"template":"","format":"standard","meta":{"footnotes":""},"categories":[21],"tags":[],"class_list":["post-23867","post","type-post","status-publish","format-standard","has-post-thumbnail","hentry","category-societe"],"_links":{"self":[{"href":"https:\/\/dekkbi.com\/index.php?rest_route=\/wp\/v2\/posts\/23867","targetHints":{"allow":["GET"]}}],"collection":[{"href":"https:\/\/dekkbi.com\/index.php?rest_route=\/wp\/v2\/posts"}],"about":[{"href":"https:\/\/dekkbi.com\/index.php?rest_route=\/wp\/v2\/types\/post"}],"author":[{"embeddable":true,"href":"https:\/\/dekkbi.com\/index.php?rest_route=\/wp\/v2\/users\/1"}],"replies":[{"embeddable":true,"href":"https:\/\/dekkbi.com\/index.php?rest_route=%2Fwp%2Fv2%2Fcomments&post=23867"}],"version-history":[{"count":1,"href":"https:\/\/dekkbi.com\/index.php?rest_route=\/wp\/v2\/posts\/23867\/revisions"}],"predecessor-version":[{"id":23869,"href":"https:\/\/dekkbi.com\/index.php?rest_route=\/wp\/v2\/posts\/23867\/revisions\/23869"}],"wp:featuredmedia":[{"embeddable":true,"href":"https:\/\/dekkbi.com\/index.php?rest_route=\/wp\/v2\/media\/23868"}],"wp:attachment":[{"href":"https:\/\/dekkbi.com\/index.php?rest_route=%2Fwp%2Fv2%2Fmedia&parent=23867"}],"wp:term":[{"taxonomy":"category","embeddable":true,"href":"https:\/\/dekkbi.com\/index.php?rest_route=%2Fwp%2Fv2%2Fcategories&post=23867"},{"taxonomy":"post_tag","embeddable":true,"href":"https:\/\/dekkbi.com\/index.php?rest_route=%2Fwp%2Fv2%2Ftags&post=23867"}],"curies":[{"name":"wp","href":"https:\/\/api.w.org\/{rel}","templated":true}]}}