{"id":23864,"date":"2023-10-24T12:32:40","date_gmt":"2023-10-24T12:32:40","guid":{"rendered":"https:\/\/dekkbi.com\/?p=23864"},"modified":"2023-10-24T12:32:41","modified_gmt":"2023-10-24T12:32:41","slug":"larchipel-des-canaries-face-a-un-risque-de-saturation-avec-larrivee-de-nombreux-migrants","status":"publish","type":"post","link":"https:\/\/dekkbi.com\/?p=23864","title":{"rendered":"L&rsquo;archipel des Canaries face \u00e0 un risque de saturation avec l&rsquo;arriv\u00e9e de nombreux migrants"},"content":{"rendered":"\n<p>Pr\u00e8s de 1 500 migrants africains sont arriv\u00e9s sur les c\u00f4tes des \u00eeles Canaries, ce week-end, selon les services d&rsquo;urgence de l&rsquo;archipel espagnol. Depuis le d\u00e9but de l&rsquo;ann\u00e9e 2023, on estime leur nombre \u00e0 27 000, principalement venus des c\u00f4tes du S\u00e9n\u00e9gal. Les arriv\u00e9es sont tellement importantes que les risques de saturation sont pr\u00e9sents et les services de secours d\u00e9bord\u00e9s.<\/p>\n\n\n\n<p>Sur l\u2019\u00eele de Tenerife, plus de 10 000 migrants, essentiellement s\u00e9n\u00e9galais, ont d\u00e9barqu\u00e9 depuis d\u00e9but octobre dans l\u2019archipel des Canaries, dont les centres d\u2019accueil sont pleins \u00e0 craquer, pointe notre correspondant \u00e0 Madrid, Fran\u00e7ois Musseau. \u00c0 tel point que de nombreux migrants n\u2019ont pu y trouver une place et sont livr\u00e9s \u00e0 leur sort. Ils sont si nombreux que les autorit\u00e9s espagnoles ne leur procurent plus d\u2019avocat, ce qui conduit \u00e0 des situations tr\u00e8s difficiles de m\u00e8res de famille ou d\u2019enfants qui ne sont plus identifi\u00e9s et dont les n\u00e9cessit\u00e9s ne peuvent donc plus \u00eatre satisfaites.<\/p>\n\n\n\n<p>Plusieurs ONG d\u00e9noncent sur place une faillite grave de l\u2019\u00c9tat de droit. Quant aux autorit\u00e9s, elles sont confront\u00e9es au fait que le pouvoir s\u00e9n\u00e9galais ne respecte plus le trait\u00e9 permettant leur renvoi. \u00ab Ce qui se passe c&rsquo;est qu&rsquo;apr\u00e8s les trois jours au commissariat, ils sont mis en libert\u00e9, \u00e9videmment les mineurs sont pris en charge par le gouvernement autonome des Canaries, explique Laetitia Marthe du R\u00e9seau de solidarit\u00e9 avec les personnes migrantes aux Canaries, jointe par Claire Fages du service Afrique. Mais les majeurs, une fois qu&rsquo;ils ont \u00e9t\u00e9 quelques mois dans des centres d&rsquo;accueil, ils sont libres de circuler, alors c&rsquo;est une libert\u00e9 un peu hypocrite puisqu&rsquo;ils sont en situation irr\u00e9guli\u00e8re, donc ils ont le droit ni de travailler, ils ne peuvent pas prendre un avion pour se rendre sur le continent alors qu&rsquo;il n&rsquo;y a aucune raison d&#8217;emp\u00eacher la libert\u00e9 de circulation \u00e0 l&rsquo;int\u00e9rieur du territoire nationale. \u00bb<\/p>\n\n\n\n<p>En cons\u00e9quence, ces m\u00eames migrants s\u00e9n\u00e9galais, qui ont rejoint l\u2019Espagne aussi bien pour des raisons \u00e9conomiques que pour des raisons d\u2019instabilit\u00e9 politique, grossissent en nombre chaque jour. Pour l\u2019heure, des milliers ont \u00e9t\u00e9 h\u00e9liport\u00e9s vers la p\u00e9ninsule espagnole, mais l\u00e0 encore, dit le gouvernement, il est de plus en plus difficile de les r\u00e9partir dans des centres d\u2019accueil.<\/p>\n\n\n\n<p>SOURCE RFI<\/p>\n","protected":false},"excerpt":{"rendered":"<p>Pr\u00e8s de 1 500 migrants africains sont arriv\u00e9s sur les c\u00f4tes des \u00eeles Canaries, ce week-end, selon les services d&rsquo;urgence<\/p>\n","protected":false},"author":1,"featured_media":23865,"comment_status":"open","ping_status":"open","sticky":false,"template":"","format":"standard","meta":{"footnotes":""},"categories":[26],"tags":[],"class_list":["post-23864","post","type-post","status-publish","format-standard","has-post-thumbnail","hentry","category-fait-divers"],"_links":{"self":[{"href":"https:\/\/dekkbi.com\/index.php?rest_route=\/wp\/v2\/posts\/23864","targetHints":{"allow":["GET"]}}],"collection":[{"href":"https:\/\/dekkbi.com\/index.php?rest_route=\/wp\/v2\/posts"}],"about":[{"href":"https:\/\/dekkbi.com\/index.php?rest_route=\/wp\/v2\/types\/post"}],"author":[{"embeddable":true,"href":"https:\/\/dekkbi.com\/index.php?rest_route=\/wp\/v2\/users\/1"}],"replies":[{"embeddable":true,"href":"https:\/\/dekkbi.com\/index.php?rest_route=%2Fwp%2Fv2%2Fcomments&post=23864"}],"version-history":[{"count":1,"href":"https:\/\/dekkbi.com\/index.php?rest_route=\/wp\/v2\/posts\/23864\/revisions"}],"predecessor-version":[{"id":23866,"href":"https:\/\/dekkbi.com\/index.php?rest_route=\/wp\/v2\/posts\/23864\/revisions\/23866"}],"wp:featuredmedia":[{"embeddable":true,"href":"https:\/\/dekkbi.com\/index.php?rest_route=\/wp\/v2\/media\/23865"}],"wp:attachment":[{"href":"https:\/\/dekkbi.com\/index.php?rest_route=%2Fwp%2Fv2%2Fmedia&parent=23864"}],"wp:term":[{"taxonomy":"category","embeddable":true,"href":"https:\/\/dekkbi.com\/index.php?rest_route=%2Fwp%2Fv2%2Fcategories&post=23864"},{"taxonomy":"post_tag","embeddable":true,"href":"https:\/\/dekkbi.com\/index.php?rest_route=%2Fwp%2Fv2%2Ftags&post=23864"}],"curies":[{"name":"wp","href":"https:\/\/api.w.org\/{rel}","templated":true}]}}