{"id":23858,"date":"2023-10-24T12:24:19","date_gmt":"2023-10-24T12:24:19","guid":{"rendered":"https:\/\/dekkbi.com\/?p=23858"},"modified":"2023-10-24T12:24:20","modified_gmt":"2023-10-24T12:24:20","slug":"louga-amadou-ba-inaugure-le-lycee-denseignement-general-de-koki","status":"publish","type":"post","link":"https:\/\/dekkbi.com\/?p=23858","title":{"rendered":"Louga\u00a0: Amadou Ba inaugure le\u00a0lyc\u00e9e d\u2019enseignement g\u00e9n\u00e9ral de Koki"},"content":{"rendered":"\n<p>Louga, (APS) \u2013 Le Premier ministre, Amadou Ba, a proc\u00e9d\u00e9, \u00e0 l\u2019inauguration du lyc\u00e9e d\u2019enseignement g\u00e9n\u00e9ral de la commune de Koki, (Louga), une infrastructure moderne dont le co\u00fbt global est estim\u00e9 \u00e0  plus de 500 millions de FCFA, a constat\u00e9 l\u2019APS.\u2018\u2019Il m\u2019est particuli\u00e8rement agr\u00e9able de saisir l\u2019opportunit\u00e9 que m\u2019offre la tourn\u00e9e \u00e9conomique que j\u2019effectue dans la r\u00e9gion de Louga, pour proc\u00e9der \u00e0 l\u2019inauguration, au nom du pr\u00e9sident de la R\u00e9publique, du nouveau Lyc\u00e9e d\u2019Enseignement g\u00e9n\u00e9ral de Koki\u2019\u2019, a-t-il d\u00e9clar\u00e9 dimanche.Amadou  Ba a soulign\u00e9 que \u2018\u2019la construction et l\u2019\u00e9quipement de cette infrastructure de qualit\u00e9 r\u00e9pondent aux normes des nouveaux prototypes d\u2019ouvrages scolaires et contribuent incontestablement \u00e0 rehausser l\u2019image de cette localit\u00e9 du Ndiambour, c\u00e9l\u00e8bre par son statut de foyer d\u2019\u00e9ducation et de formation\u2019\u2019.\u2018\u2019Ce programme de construction de nouveaux prototypes de lyc\u00e9es vise, entre autres, \u00e0 offrir \u00e0 tous les enfants du pays des possibilit\u00e9s \u00e9quitables, en prenant en compte les disparit\u00e9s sociales et territoriales dans la r\u00e9partition des personnels mais surtout des infrastructures et \u00e9quipements scolaires\u2019\u2019, a-t-il expliqu\u00e9.\u2018\u2019C\u2019est dans cette optique que s\u2019inscrit la r\u00e9alisation de cet \u00e9tablissement d\u2019un co\u00fbt global de plus de 500 millions de francs, enti\u00e8rement financ\u00e9 par l\u2019\u00c9tat du S\u00e9n\u00e9gal et qui dispose de toutes les commodit\u00e9s n\u00e9cessaires au bon d\u00e9roulement des enseignements, dans un cadre d\u2019apprentissage propice \u00e0 l\u2019\u00e9panouissement et \u00e0 la r\u00e9ussite\u2019\u2019, a-t-il poursuivi.Selon lui, \u2018\u2019en am\u00e9liorant sensiblement les conditions de travail et d\u2019apprentissage, cet investissement doit contribuer \u00e0 relever sensiblement les seuils de performances de votre \u00e9tablissement\u2019\u2019.Il estime que cette c\u00e9r\u00e9monie d\u2019inauguration  \u00bbillustre, de fort belle mani\u00e8re, la vision du pr\u00e9sident de la R\u00e9publique Macky Sall qui fait b\u00e9n\u00e9ficier \u00bb la commune  \u00bbd\u2019un \u00e9tablissement moderne, fonctionnel, enti\u00e8rement \u00e9quip\u00e9, conform\u00e9ment \u00e0 ses orientations d\u00e9clin\u00e9es dans le Programme d\u2019am\u00e9lioration de la qualit\u00e9, de l\u2019\u00e9quit\u00e9 et de la Transparence \u00bb.Amadou Ba se dit convaincu que \u2018\u2019la commune de Koki reste attach\u00e9e au savoir, notamment islamique\u2019\u2019, rappelant que \u2018\u2019de cette localit\u00e9 sainte, sont sorties des g\u00e9n\u00e9rations d\u2019\u00e9rudits, form\u00e9es \u00e0 la bonne \u00e9cole, et qui ont ainsi permis \u00e0 Koki de contribuer qualitativement \u00e0 doter notre pays de ressources humaines comp\u00e9tentes\u2019\u2019.Le maire de la commune de Koki, Ma\u00efsa Sell\u00e9 Ndiaye a, de son c\u00f4t\u00e9, d\u00e9clar\u00e9 que \u2018\u2019le pr\u00e9sident de la R\u00e9publique vient de satisfaire une vieille dol\u00e9ance des populations \u00bb qui voulaient  \u00bbun lyc\u00e9e depuis longtemps (\u2026.) \u00bb. \u00bbNos enfants allaient \u00e9tudier dans les autres communes, mais gr\u00e2ce \u00e0 la construction de ce lyc\u00e9e ils n\u2019ont plus besoin d\u2019aller nulle part car ils peuvent maintenant faire tout leur cursus scolaire dans la commune, ce qui est important pour la r\u00e9ussite de nos enfants \u00e0  l\u2019\u00e9cole\u2019\u2019, a t-il salu\u00e9.Il a magnifi\u00e9  \u00bbles efforts consentis par le gouvernement de Macky Sall pour doter la commune de Koki d\u2019un lyc\u00e9e moderne, une infrastructure dont le co\u00fbt de construction est estim\u00e9 plus de 500 millions FCFA\u2019\u2019.Il  a, par ailleurs, relev\u00e9 les  difficult\u00e9s auxquelles les populations de Koki sont confront\u00e9es notamment  \u00bbles probl\u00e8mes li\u00e9s \u00e0 l\u2019acc\u00e8s \u00e0 l\u2019eau qui demeure une probl\u00e8me s\u00e9rieux \u00e0 r\u00e9soudre (\u2026.). Il a invit\u00e9 le PM \u00e0  \u00bbfaire de son mieux pour doter la commune  de Koki d\u2019un bon r\u00e9seau hydrique\u2019\u2019. DS\/OID <\/p>\n\n\n\n<p><\/p>\n\n\n\n<p><\/p>\n","protected":false},"excerpt":{"rendered":"<p>Louga, (APS) \u2013 Le Premier ministre, Amadou Ba, a proc\u00e9d\u00e9, \u00e0 l\u2019inauguration du lyc\u00e9e d\u2019enseignement g\u00e9n\u00e9ral de la commune de<\/p>\n","protected":false},"author":1,"featured_media":23859,"comment_status":"open","ping_status":"open","sticky":false,"template":"","format":"standard","meta":{"footnotes":""},"categories":[21],"tags":[],"class_list":["post-23858","post","type-post","status-publish","format-standard","has-post-thumbnail","hentry","category-societe"],"_links":{"self":[{"href":"https:\/\/dekkbi.com\/index.php?rest_route=\/wp\/v2\/posts\/23858","targetHints":{"allow":["GET"]}}],"collection":[{"href":"https:\/\/dekkbi.com\/index.php?rest_route=\/wp\/v2\/posts"}],"about":[{"href":"https:\/\/dekkbi.com\/index.php?rest_route=\/wp\/v2\/types\/post"}],"author":[{"embeddable":true,"href":"https:\/\/dekkbi.com\/index.php?rest_route=\/wp\/v2\/users\/1"}],"replies":[{"embeddable":true,"href":"https:\/\/dekkbi.com\/index.php?rest_route=%2Fwp%2Fv2%2Fcomments&post=23858"}],"version-history":[{"count":1,"href":"https:\/\/dekkbi.com\/index.php?rest_route=\/wp\/v2\/posts\/23858\/revisions"}],"predecessor-version":[{"id":23860,"href":"https:\/\/dekkbi.com\/index.php?rest_route=\/wp\/v2\/posts\/23858\/revisions\/23860"}],"wp:featuredmedia":[{"embeddable":true,"href":"https:\/\/dekkbi.com\/index.php?rest_route=\/wp\/v2\/media\/23859"}],"wp:attachment":[{"href":"https:\/\/dekkbi.com\/index.php?rest_route=%2Fwp%2Fv2%2Fmedia&parent=23858"}],"wp:term":[{"taxonomy":"category","embeddable":true,"href":"https:\/\/dekkbi.com\/index.php?rest_route=%2Fwp%2Fv2%2Fcategories&post=23858"},{"taxonomy":"post_tag","embeddable":true,"href":"https:\/\/dekkbi.com\/index.php?rest_route=%2Fwp%2Fv2%2Ftags&post=23858"}],"curies":[{"name":"wp","href":"https:\/\/api.w.org\/{rel}","templated":true}]}}