{"id":23849,"date":"2023-10-24T12:13:25","date_gmt":"2023-10-24T12:13:25","guid":{"rendered":"https:\/\/dekkbi.com\/?p=23849"},"modified":"2023-10-24T12:13:25","modified_gmt":"2023-10-24T12:13:25","slug":"les-ong-disent-apporter-une-importante-contribution-a-la-politique-demploi-de-letat","status":"publish","type":"post","link":"https:\/\/dekkbi.com\/?p=23849","title":{"rendered":"Les ONG disent apporter une importante contribution \u00e0 la politique d\u2019emploi de l\u2019\u00c9tat"},"content":{"rendered":"\n<p>Dakar, (APS) \u2013 Le directeur ex\u00e9cutif de la Plateforme des acteurs non \u00e9tatiques du S\u00e9n\u00e9gal, Malick Diop, a relev\u00e9, lundi, \u00e0 Dakar, l\u2019importante contribution des organisations non gouvernementales (ONG) \u00e0 la politique d\u2019emploi de l\u2019\u00c9tat du S\u00e9n\u00e9gal.Un rapport publi\u00e9 en ao\u00fbt dernier sur le sujet, concernant 132 ONG exer\u00e7ant leurs activit\u00e9s au S\u00e9n\u00e9gal \u2013 sur un total d\u2019environ 650 \u2013 indique que chacune d\u2019entre elles apporte en moyenne pr\u00e8s de 1 milliard de francs CFA \u2018\u2019en termes d\u2019investissement\u2019\u2019 par an \u00e0 la politique d\u2019emploi s\u00e9n\u00e9galaise, a dit M. Diop.Il intervenait au lancement du \u2018\u2019dialogue structur\u00e9\u2019\u2019, une initiative de l\u2019Union europ\u00e9enne et de la soci\u00e9t\u00e9 civile.Selon Malick Diop, chacune des 132 ONG \u00e9tudi\u00e9es par le rapport en question g\u00e9n\u00e8re environ 22 emplois par an.\u2018\u2019Aujourd\u2019hui, la soci\u00e9t\u00e9 civile [\u2026] apporte un volume consid\u00e9rable de financements \u00e0 [\u2026] l\u2019\u00e9ducation, \u00e0 la sant\u00e9\u2026\u2019\u2019 a-t-il soulign\u00e9.\u2018\u2019Le rapport disponible depuis le 10 ao\u00fbt dernier montre que m\u00eame si elle n\u2019est pas exhaustive, on a une tendance forte d\u00e9montrant la contribution de la soci\u00e9t\u00e9 civile\u2019\u2019 \u00e0 la cr\u00e9ation d\u2019emplois au S\u00e9n\u00e9gal, a soutenu M. Diop.L\u2019\u00c9tat du S\u00e9n\u00e9gal a allou\u00e9 540 milliards de francs CFA \u00e0 sa \u2018\u2019politique de jeunesse\u2019\u2019, de 2010 \u00e0 2023, selon le chef de l\u2019unit\u00e9 de coordination et de suivi de la politique \u00e9conomique au minist\u00e8re de l\u2019\u00c9conomie, du Plan et de la Coop\u00e9ration, Alaya Ouarme.\u2018\u2019L\u2019\u00e9valuation que nous avons faite a permis de constater que de 2010 \u00e0 nos jours, l\u2019\u00c9tat a inject\u00e9 plus de 540 milliards de francs CFA dans sa politique de jeunesse\u2019\u2019, a dit M. Ouarme.La politique de jeunesse est une \u2018\u2019v\u00e9ritable pr\u00e9occupation pour le gouvernement s\u00e9n\u00e9galais\u2019\u2019, a-t-il soulign\u00e9 en intervenant au lancement du \u2018\u2019dialogue structur\u00e9\u2019\u2019 de l\u2019Union europ\u00e9enne avec la soci\u00e9t\u00e9 civile. \u2018\u2019C\u2019est pourquoi il (l\u2019\u00c9tat) affecte 25 % de son budget \u00e0 l\u2019\u00e9ducation et \u00e0 la formation.\u2019\u2019Les pouvoirs publics s\u00e9n\u00e9galais ont mis en place des structures destin\u00e9es au financement et \u00e0 la formation des jeunes \u00e0 la recherche d\u2019emplois ou d\u00e9sireux d\u2019entreprendre, a rappel\u00e9 Alaya Ouarme.Il a donn\u00e9 quelques exemples, dont la D\u00e9l\u00e9gation g\u00e9n\u00e9rale \u00e0 l\u2019entrepreneuriat rapide des femmes et des jeunes et le Fonds de financement de la formation professionnelle.L\u2019ambassadeur de l\u2019Union europ\u00e9enne au S\u00e9n\u00e9gal, Jean-Marc Pisani, s\u2019est r\u00e9joui du lancement du \u2018\u2019dialogue structur\u00e9\u2019\u2019 entre l\u2019organisation qu\u2019il repr\u00e9sente en terre s\u00e9n\u00e9galaise et la soci\u00e9t\u00e9 civile.<\/p>\n\n\n\n<p>CS\/ESF\/MTN<\/p>\n","protected":false},"excerpt":{"rendered":"<p>Dakar, (APS) \u2013 Le directeur ex\u00e9cutif de la Plateforme des acteurs non \u00e9tatiques du S\u00e9n\u00e9gal, Malick Diop, a relev\u00e9, lundi,<\/p>\n","protected":false},"author":1,"featured_media":23850,"comment_status":"open","ping_status":"open","sticky":false,"template":"","format":"standard","meta":{"footnotes":""},"categories":[3],"tags":[],"class_list":["post-23849","post","type-post","status-publish","format-standard","has-post-thumbnail","hentry","category-event-more-news"],"_links":{"self":[{"href":"https:\/\/dekkbi.com\/index.php?rest_route=\/wp\/v2\/posts\/23849","targetHints":{"allow":["GET"]}}],"collection":[{"href":"https:\/\/dekkbi.com\/index.php?rest_route=\/wp\/v2\/posts"}],"about":[{"href":"https:\/\/dekkbi.com\/index.php?rest_route=\/wp\/v2\/types\/post"}],"author":[{"embeddable":true,"href":"https:\/\/dekkbi.com\/index.php?rest_route=\/wp\/v2\/users\/1"}],"replies":[{"embeddable":true,"href":"https:\/\/dekkbi.com\/index.php?rest_route=%2Fwp%2Fv2%2Fcomments&post=23849"}],"version-history":[{"count":1,"href":"https:\/\/dekkbi.com\/index.php?rest_route=\/wp\/v2\/posts\/23849\/revisions"}],"predecessor-version":[{"id":23851,"href":"https:\/\/dekkbi.com\/index.php?rest_route=\/wp\/v2\/posts\/23849\/revisions\/23851"}],"wp:featuredmedia":[{"embeddable":true,"href":"https:\/\/dekkbi.com\/index.php?rest_route=\/wp\/v2\/media\/23850"}],"wp:attachment":[{"href":"https:\/\/dekkbi.com\/index.php?rest_route=%2Fwp%2Fv2%2Fmedia&parent=23849"}],"wp:term":[{"taxonomy":"category","embeddable":true,"href":"https:\/\/dekkbi.com\/index.php?rest_route=%2Fwp%2Fv2%2Fcategories&post=23849"},{"taxonomy":"post_tag","embeddable":true,"href":"https:\/\/dekkbi.com\/index.php?rest_route=%2Fwp%2Fv2%2Ftags&post=23849"}],"curies":[{"name":"wp","href":"https:\/\/api.w.org\/{rel}","templated":true}]}}