{"id":23818,"date":"2023-10-24T11:24:46","date_gmt":"2023-10-24T11:24:46","guid":{"rendered":"https:\/\/dekkbi.com\/?p=23818"},"modified":"2023-10-24T11:24:46","modified_gmt":"2023-10-24T11:24:46","slug":"projet-sensat-le-senegal-lance-son-satellite-au-trimestre-2024","status":"publish","type":"post","link":"https:\/\/dekkbi.com\/?p=23818","title":{"rendered":"Projet SENSAT: le S\u00e9n\u00e9gal lance son satellite au trimestre 2024"},"content":{"rendered":"\n<p>Le ministre de l\u2019enseignement sup\u00e9rieur, de la recherche et de l\u2019innovation \u00e9tait hier, lundi, \u00e0 la cit\u00e9 du Savoir de Diamniadio. Moussa Bald\u00e9 a r\u00e9ceptionn\u00e9 le centre de contr\u00f4le des donn\u00e9es satellites. En marge de l\u2019\u00e9v\u00e8nement Moussa Bald\u00e9 a annonc\u00e9 la date de lancement du satellite du S\u00e9n\u00e9gal.Le S\u00e9n\u00e9gal va lancer son satellite au d\u00e9but de l\u2019ann\u00e9e prochaine. Si on en croit le ministre de l\u2019Enseignement sup\u00e9rieur de la recherche et de l\u2019innovation qui proc\u00e9dait \u00e0 la r\u00e9ception du centre de contr\u00f4le des donn\u00e9es satellites, le segment sol du grand projet spatial de l\u2019Etat du S\u00e9n\u00e9gal. \u00ab En r\u00e9sum\u00e9, je voudrais dire que le projet se porte bien, nos ing\u00e9nieurs, dont certains sont l\u00e0 aujourd\u2019hui, qui nous ont pr\u00e9sent\u00e9 ce centre sont \u00e0 Montpellier, ils ont d\u00e9j\u00e0 fini la construction du satellite, sa r\u00e9ception est pr\u00e9vue au mois de novembre \u00e0 Montpellier. Une fois qu\u2019on a fait cette r\u00e9ception nous pesons pouvoir faire le lancement au premier trimestre de l\u2019ann\u00e9e 2024. Donc le projet spatial se porte bien. En tout cas aujourd\u2019hui, nous venons de franchir une \u00e9tape importante \u00bb, a dit Pr Moussa Bald\u00e9. Le ministre qui proc\u00e9d\u00e9 \u00e0 la r\u00e9ception du centre de contr\u00f4le, de r\u00e9ception des donn\u00e9es satellitaires du S\u00e9n\u00e9gal a consid\u00e9r\u00e9 cet outil comme \u00e9tape de plus vers la concr\u00e9tisation du projet initi\u00e9 par le Chef de l\u2019Etat et qui a \u00e9t\u00e9 lanc\u00e9 en 2019 mais aussi une aide \u00e0 plus d\u2019efficience dans le traitement des donn\u00e9es, en attendant de r\u00e9aliser un plus grand centre spatial. \u00ab Ceci entre dans le cadre du projet spatial de notre pays, qui a \u00e9t\u00e9 impl\u00e9ment\u00e9 depuis 2019, sous la vision et sur instruction du Pr\u00e9sident de la R\u00e9publique Macky Sall. On peut dire que c\u2019est un maillon important dans la chaine. C\u2019est ce centre qui va nous permettre de d\u2019envoyer des donn\u00e9es au satellite et de de recevoir les donn\u00e9es que le satellite va nous envoyer. En tout cas aujourd\u2019hui, nous venons de franchir une \u00e9tape importante. Donc \u00e7a c\u2019est un petit satellite, mais ce qu\u2019on veut c\u2019est avoir un vrai centre spatial au S\u00e9n\u00e9gal qui va nous permettre de traiter tout ce qu\u2019un satellite peut traiter en mati\u00e8re de donn\u00e9es. Il y a le climat, il y a les donn\u00e9es sur notre agriculture et tout ce qu\u2019on peut faire avec un satellite. C\u2019est on va dire le d\u00e9but du voyage spatial du S\u00e9n\u00e9gal \u00bb.Avec ce centre, le S\u00e9n\u00e9gal compte en faire un outil de positionnement \u00e9conomique et strat\u00e9gique, en cr\u00e9ant des unit\u00e9s de formation dans les m\u00e9tiers du spatial, en collaboration avec les universit\u00e9s.Avec les laboratoires, des salles techniques et les ing\u00e9nieurs en formation \u00e0 Montpellier et qui vont bient\u00f4t revenir, le minist\u00e8re compte sur des collaborations avec les universit\u00e9s pour mettre en place des offres de formation et ainsi combler un gap constat\u00e9 en Afrique et qui oblige les pays \u00e0 envoyer leurs ing\u00e9nieurs en formation \u00e0 Montpellier a expliqu\u00e9 le Pr Gayane Faye. \u00ab Parce qu\u2019aujourd\u2019hui dans nos universit\u00e9s, il n\u2019y a pas beaucoup de formation dans ce secteur, dans certains m\u00e9tiers m\u00eames, il n\u2019y a pas du tout de formation. Le centre va jouer ce r\u00f4le d\u2019incubateur permettra de mener ces formations l\u00e0\u2026   Parce qu\u2019aujourd\u2019hui, dans le sous-r\u00e9gion, je ne connais pas un centre qui fait la formation dans les m\u00e9tiers du spatial. Donc si on parvient \u00e0 le mettre en place en premier \u00e7a peut \u00eatre tr\u00e8s b\u00e9n\u00e9fique. Parce qu\u2019aujourd\u2019hui on envoie nos ing\u00e9nieurs \u00e0 Montpellier, Djibouti de m\u00eame, j\u2019ai entendu que le Cameroun va probablement y envoyer ses ing\u00e9nieurs, donc si on le fait \u00e0 Dakar, on peut facilement avec la diplomatie s\u00e9n\u00e9galaise capter cela et \u00e7a peut \u00eatre tr\u00e8s b\u00e9n\u00e9fique au S\u00e9n\u00e9gal \u00e9conomiquement et strat\u00e9giquement \u00bb a dit le coordonnateur du projet spatial du S\u00e9n\u00e9gal SENSAT au niveau du MESRI.Le centre sera mis en relation avec l\u2019\u00e9cosyst\u00e8me de la cit\u00e9 du savoir pour le stockage des donn\u00e9es. \u00ab Toutes les donn\u00e9es recueillies par le satellite seront stock\u00e9es au niveau d\u2019une machine connect\u00e9e avec le Datacenter qui va h\u00e9berger ces donn\u00e9es. Apr\u00e8s une interface sera mise en place pour permettre de mettre les donn\u00e9es collect\u00e9es \u00e0 la disposition des acteurs. Ces partenaires sont pour l\u2019heure la DGPRE, l\u2019OLAC et l\u2019ANACIM \u00bb a dit le Professeur Gayane Faye.<\/p>\n\n\n\n<p>WORE NDOYE.<\/p>\n\n\n\n<p>SUDQUOTIDIEN<\/p>\n","protected":false},"excerpt":{"rendered":"<p>Le ministre de l\u2019enseignement sup\u00e9rieur, de la recherche et de l\u2019innovation \u00e9tait hier, lundi, \u00e0 la cit\u00e9 du Savoir de<\/p>\n","protected":false},"author":1,"featured_media":23819,"comment_status":"open","ping_status":"open","sticky":false,"template":"","format":"standard","meta":{"footnotes":""},"categories":[3],"tags":[],"class_list":["post-23818","post","type-post","status-publish","format-standard","has-post-thumbnail","hentry","category-event-more-news"],"_links":{"self":[{"href":"https:\/\/dekkbi.com\/index.php?rest_route=\/wp\/v2\/posts\/23818","targetHints":{"allow":["GET"]}}],"collection":[{"href":"https:\/\/dekkbi.com\/index.php?rest_route=\/wp\/v2\/posts"}],"about":[{"href":"https:\/\/dekkbi.com\/index.php?rest_route=\/wp\/v2\/types\/post"}],"author":[{"embeddable":true,"href":"https:\/\/dekkbi.com\/index.php?rest_route=\/wp\/v2\/users\/1"}],"replies":[{"embeddable":true,"href":"https:\/\/dekkbi.com\/index.php?rest_route=%2Fwp%2Fv2%2Fcomments&post=23818"}],"version-history":[{"count":1,"href":"https:\/\/dekkbi.com\/index.php?rest_route=\/wp\/v2\/posts\/23818\/revisions"}],"predecessor-version":[{"id":23820,"href":"https:\/\/dekkbi.com\/index.php?rest_route=\/wp\/v2\/posts\/23818\/revisions\/23820"}],"wp:featuredmedia":[{"embeddable":true,"href":"https:\/\/dekkbi.com\/index.php?rest_route=\/wp\/v2\/media\/23819"}],"wp:attachment":[{"href":"https:\/\/dekkbi.com\/index.php?rest_route=%2Fwp%2Fv2%2Fmedia&parent=23818"}],"wp:term":[{"taxonomy":"category","embeddable":true,"href":"https:\/\/dekkbi.com\/index.php?rest_route=%2Fwp%2Fv2%2Fcategories&post=23818"},{"taxonomy":"post_tag","embeddable":true,"href":"https:\/\/dekkbi.com\/index.php?rest_route=%2Fwp%2Fv2%2Ftags&post=23818"}],"curies":[{"name":"wp","href":"https:\/\/api.w.org\/{rel}","templated":true}]}}