{"id":23770,"date":"2023-10-23T11:16:43","date_gmt":"2023-10-23T11:16:43","guid":{"rendered":"https:\/\/dekkbi.com\/?p=23770"},"modified":"2023-10-23T11:16:45","modified_gmt":"2023-10-23T11:16:45","slug":"mali-la-minusma-annonce-avoir-acheve-son-retrait-de-tessalit","status":"publish","type":"post","link":"https:\/\/dekkbi.com\/?p=23770","title":{"rendered":"Mali : la MINUSMA annonce avoir achev\u00e9 son retrait de Tessalit"},"content":{"rendered":"\n<p>Dakar, 23 (APS) \u2013 La Mission multidimensionnelle int\u00e9gr\u00e9e des Nations unies pour la stabilisation au Mali de l\u2019ONU au Mali (MINUSMA) a annonc\u00e9 avoir achev\u00e9, samedi, le retrait acc\u00e9l\u00e9r\u00e9 de toutes ses troupes et de son personnel civil de sa base de Tessalit.<\/p>\n\n\n\n<p>\u2018\u2019La Mission multidimensionnelle int\u00e9gr\u00e9e des Nations unies pour la stabilisation au Mali (MINUSMA) a achev\u00e9 son retrait acc\u00e9l\u00e9r\u00e9 de sa base de Tessalit dans la r\u00e9gion de Kidal, au nord du Mali\u2019\u2019, indique un communiqu\u00e9 dont l\u2019APS a eu connaissance.<\/p>\n\n\n\n<p>Ce d\u00e9part met ainsi fin \u00e0 la pr\u00e9sence de la mission \u00e0 Tessalit, dont \u2018\u2019la fermeture du camp (\u2026) marque le premier retrait de la MINUSMA de la r\u00e9gion de Kidal et constitue la sixi\u00e8me base de la MINUSMA \u00e0 fermer suite \u00e0 la r\u00e9solution 2690 du Conseil de s\u00e9curit\u00e9, qui a mis fin au mandat de la MINUSMA le 30 juin 2023\u2019\u2019, pr\u00e9cise la m\u00eame source.<\/p>\n\n\n\n<p>La fin du mandat de la MINUSMA au Mali, apr\u00e8s 10 ans d\u2019intervention, a \u00e9t\u00e9 act\u00e9e par l\u2019adoption \u00e0 l\u2019unanimit\u00e9 d\u2019une r\u00e9solution pr\u00e9sent\u00e9e par la France, apr\u00e8s une demande de Bamako appelant \u00e0 un \u2018\u2019retrait sans d\u00e9lai\u2019\u2019.<\/p>\n\n\n\n<p>Avant son d\u00e9part de Tessalit, la MINUSMA \u2018\u2019a d\u00fb prendre la d\u00e9cision difficile de d\u00e9truire, d\u00e9sactiver ou mettre hors service des \u00e9quipements de valeur (\u2026) parce qu\u2019ils ne pouvaient pas \u00eatre retourn\u00e9s aux pays contributeurs de troupes auxquels ils appartenaient, ou red\u00e9ploy\u00e9s vers d\u2019autres missions de maintien de la paix des Nations Unies\u2019\u2019, a-t-elle regrett\u00e9.<\/p>\n\n\n\n<p>Le processus de retrait de toutes les bases doit \u00eatre achev\u00e9 le 31 d\u00e9cembre 2023.<\/p>\n\n\n\n<p>ABB\/OID<\/p>\n","protected":false},"excerpt":{"rendered":"<p>Dakar, 23 (APS) \u2013 La Mission multidimensionnelle int\u00e9gr\u00e9e des Nations unies pour la stabilisation au Mali de l\u2019ONU au Mali<\/p>\n","protected":false},"author":1,"featured_media":18387,"comment_status":"open","ping_status":"open","sticky":false,"template":"","format":"standard","meta":{"footnotes":""},"categories":[51],"tags":[],"class_list":["post-23770","post","type-post","status-publish","format-standard","has-post-thumbnail","hentry","category-general"],"_links":{"self":[{"href":"https:\/\/dekkbi.com\/index.php?rest_route=\/wp\/v2\/posts\/23770","targetHints":{"allow":["GET"]}}],"collection":[{"href":"https:\/\/dekkbi.com\/index.php?rest_route=\/wp\/v2\/posts"}],"about":[{"href":"https:\/\/dekkbi.com\/index.php?rest_route=\/wp\/v2\/types\/post"}],"author":[{"embeddable":true,"href":"https:\/\/dekkbi.com\/index.php?rest_route=\/wp\/v2\/users\/1"}],"replies":[{"embeddable":true,"href":"https:\/\/dekkbi.com\/index.php?rest_route=%2Fwp%2Fv2%2Fcomments&post=23770"}],"version-history":[{"count":1,"href":"https:\/\/dekkbi.com\/index.php?rest_route=\/wp\/v2\/posts\/23770\/revisions"}],"predecessor-version":[{"id":23771,"href":"https:\/\/dekkbi.com\/index.php?rest_route=\/wp\/v2\/posts\/23770\/revisions\/23771"}],"wp:featuredmedia":[{"embeddable":true,"href":"https:\/\/dekkbi.com\/index.php?rest_route=\/wp\/v2\/media\/18387"}],"wp:attachment":[{"href":"https:\/\/dekkbi.com\/index.php?rest_route=%2Fwp%2Fv2%2Fmedia&parent=23770"}],"wp:term":[{"taxonomy":"category","embeddable":true,"href":"https:\/\/dekkbi.com\/index.php?rest_route=%2Fwp%2Fv2%2Fcategories&post=23770"},{"taxonomy":"post_tag","embeddable":true,"href":"https:\/\/dekkbi.com\/index.php?rest_route=%2Fwp%2Fv2%2Ftags&post=23770"}],"curies":[{"name":"wp","href":"https:\/\/api.w.org\/{rel}","templated":true}]}}