{"id":23768,"date":"2023-10-23T11:15:38","date_gmt":"2023-10-23T11:15:38","guid":{"rendered":"https:\/\/dekkbi.com\/?p=23768"},"modified":"2023-10-23T11:15:40","modified_gmt":"2023-10-23T11:15:40","slug":"emigration-irreguliere-1300-migrants-denombres-ce-week-end","status":"publish","type":"post","link":"https:\/\/dekkbi.com\/?p=23768","title":{"rendered":"\u00c9migration irr\u00e9guli\u00e8re: 1300 migrants d\u00e9nombr\u00e9s ce week-end"},"content":{"rendered":"\n<p>Plus de 1.300 migrants africains sont arriv\u00e9s sur les c\u00f4tes des \u00eeles Canaries depuis samedi. L\u2019information a \u00e9t\u00e9 donn\u00e9e par les services de secours espagnols, repris par Seneweb.&nbsp;<\/p>\n\n\n\n<p>Ils ont not\u00e9 une embarcation qui transportait un nombre record de 321 personnes.<\/p>\n\n\n\n<p>Au total, 1.325 migrants, soit 90 de plus par rapport \u00e0 un bilan pr\u00e9c\u00e9dent, ont atteint les \u00eeles dans diff\u00e9rentes embarcations pr\u00e9caires entre la nuit de vendredi \u00e0 samedi et la matin\u00e9e de dimanche, dans un contexte de hausse des arriv\u00e9es de ces derni\u00e8res semaines, ont annonc\u00e9 les services d\u2019urgence sur le r\u00e9seau social X.<\/p>\n\n\n\n<p>Les migrants arriv\u00e9s viennent d\u2019Afrique subsaharienne, a pr\u00e9cis\u00e9 \u00e0 l\u2019AFP un porte-parole des services d\u2019urgence.<\/p>\n\n\n\n<p>Selon les derniers chiffres du minist\u00e8re de l\u2019Int\u00e9rieur espagnol, l\u2019archipel a re\u00e7u 23.537 migrants entre le 1er janvier et le 15 octobre, soit pr\u00e8s de 80% de plus que sur la m\u00eame p\u00e9riode l\u2019ann\u00e9e derni\u00e8re.<\/p>\n\n\n\n<p>LESOLEIL<\/p>\n","protected":false},"excerpt":{"rendered":"<p>Plus de 1.300 migrants africains sont arriv\u00e9s sur les c\u00f4tes des \u00eeles Canaries depuis samedi. L\u2019information a \u00e9t\u00e9 donn\u00e9e par<\/p>\n","protected":false},"author":1,"featured_media":23618,"comment_status":"open","ping_status":"open","sticky":false,"template":"","format":"standard","meta":{"footnotes":""},"categories":[26],"tags":[],"class_list":["post-23768","post","type-post","status-publish","format-standard","has-post-thumbnail","hentry","category-fait-divers"],"_links":{"self":[{"href":"https:\/\/dekkbi.com\/index.php?rest_route=\/wp\/v2\/posts\/23768","targetHints":{"allow":["GET"]}}],"collection":[{"href":"https:\/\/dekkbi.com\/index.php?rest_route=\/wp\/v2\/posts"}],"about":[{"href":"https:\/\/dekkbi.com\/index.php?rest_route=\/wp\/v2\/types\/post"}],"author":[{"embeddable":true,"href":"https:\/\/dekkbi.com\/index.php?rest_route=\/wp\/v2\/users\/1"}],"replies":[{"embeddable":true,"href":"https:\/\/dekkbi.com\/index.php?rest_route=%2Fwp%2Fv2%2Fcomments&post=23768"}],"version-history":[{"count":1,"href":"https:\/\/dekkbi.com\/index.php?rest_route=\/wp\/v2\/posts\/23768\/revisions"}],"predecessor-version":[{"id":23769,"href":"https:\/\/dekkbi.com\/index.php?rest_route=\/wp\/v2\/posts\/23768\/revisions\/23769"}],"wp:featuredmedia":[{"embeddable":true,"href":"https:\/\/dekkbi.com\/index.php?rest_route=\/wp\/v2\/media\/23618"}],"wp:attachment":[{"href":"https:\/\/dekkbi.com\/index.php?rest_route=%2Fwp%2Fv2%2Fmedia&parent=23768"}],"wp:term":[{"taxonomy":"category","embeddable":true,"href":"https:\/\/dekkbi.com\/index.php?rest_route=%2Fwp%2Fv2%2Fcategories&post=23768"},{"taxonomy":"post_tag","embeddable":true,"href":"https:\/\/dekkbi.com\/index.php?rest_route=%2Fwp%2Fv2%2Ftags&post=23768"}],"curies":[{"name":"wp","href":"https:\/\/api.w.org\/{rel}","templated":true}]}}