{"id":23746,"date":"2023-10-23T10:44:10","date_gmt":"2023-10-23T10:44:10","guid":{"rendered":"https:\/\/dekkbi.com\/?p=23746"},"modified":"2023-10-23T10:44:11","modified_gmt":"2023-10-23T10:44:11","slug":"dakar-va-abriter-des-expositions-sur-les-presidents-senghor-et-sall-en-janvier-ministre","status":"publish","type":"post","link":"https:\/\/dekkbi.com\/?p=23746","title":{"rendered":"Dakar va abriter des expositions sur les pr\u00e9sidents Senghor et Sall en janvier (ministre)"},"content":{"rendered":"\n<p>Dakar, 23 oct (APS) \u2013 Le S\u00e9n\u00e9gal va abriter, en janvier, les expositions \u2018\u2019Senghor et les arts : r\u00e9inventer l\u2019universel\u2019\u2019 et \u00a0\u00bb pr\u00e9sident Macky Sall et autres : d\u00e9dales du pouvoir\u00a0\u00bb, apr\u00e8s le mus\u00e9e du Quai Branly Jacques Chirac \u00e0 Paris (en France), a annonc\u00e9, dimanche, le ministre de la Culture et du Patrimoine Historique Aliou Sow.<\/p>\n\n\n\n<p>&nbsp;\u00bbLe S\u00e9n\u00e9gal se propose-t-il d\u2019abriter ces deux expositions \u00e0 partir du mois de janvier 2024&nbsp;\u00bb, a fait savoir le ministre de la Culture qui s\u00e9journe dans la capitale fran\u00e7aise .<\/p>\n\n\n\n<p>Dans un communiqu\u00e9 de presse transmis \u00e0 l\u2019APS, il a indiqu\u00e9 qu\u2019apr\u00e8s Paris, &nbsp;\u00bbces expositions \u00e0 Dakar, seront un prolongement du voyage immersif \u00e0 travers le temps et l\u2019espace, d\u00e9couvrant l\u2019histoire et la trajectoire, s\u2019inspirant des valeurs et des id\u00e9aux port\u00e9s par les pr\u00e9sidents Senghor et Sall\u2019\u2019.<\/p>\n\n\n\n<p>Aliou Sow a annonc\u00e9 que la proc\u00e9dure relative \u00e0 la venue \u00e0 Dakar de ces expositions sera engag\u00e9e d\u00e8s la semaine prochaine.<\/p>\n\n\n\n<p>\u2018\u2019Les dates et le lieu retenus seront communiqu\u00e9s\u2019\u2019, pr\u00e9cise-t-il avant d\u2019ajouter : \u2018\u2019ces expositions offriront aux jeunes g\u00e9n\u00e9rations l\u2019opportunit\u00e9 d\u2019apprendre sur les deux pr\u00e9sidents ayant fa\u00e7onn\u00e9 le S\u00e9n\u00e9gal, les incitant \u00e0 la r\u00e9flexion sur leur propre r\u00f4le dans l\u2019avenir du pays\u2019\u2019.<\/p>\n\n\n\n<p>L\u2019exposition \u2018\u2019Senghor et les arts : r\u00e9inventer l\u2019universel\u2019\u2019, pr\u00e9sent\u00e9e depuis le 7 f\u00e9vrier dernier au mus\u00e9e du Quai Branly Jacques Chirac, prend fin le 19 novembre.<\/p>\n\n\n\n<p>L\u2019exposition &nbsp;\u00bbpr\u00e9sident Macky Sall et autres : d\u00e9dales du pouvoir\u2019\u2019 , une \u0153uvre du peintre am\u00e9ricain Kehinde Wiley, pr\u00e9sent\u00e9e depuis le 26 septembre, va se poursuivre jusqu\u2019au 14 janvier 2024.<\/p>\n\n\n\n<p>Ces expositions, souligne-t-on dans le document de presse, sont \u2018\u2019une ode \u00e0 la diversit\u00e9 culturelle qui fait la richesse de notre monde\u2019\u2019. Elles c\u00e9l\u00e8brent &nbsp;\u00bbl\u2019histoire du S\u00e9n\u00e9gal et rendent hommage \u00e0 deux pr\u00e9sidents embl\u00e9matiques et leur contribution \u00e0 la vie politique, \u00e9conomique, sociale et culturelle du pays&nbsp;\u00bb.<\/p>\n\n\n\n<p>\u2018\u2019Elles c\u00e9l\u00e8brent l\u2019h\u00e9ritage et le leadership exceptionnels de deux figures marquantes de la R\u00e9publique du S\u00e9n\u00e9gal et mettent en lumi\u00e8re l\u2019empreinte profonde de deux pr\u00e9sidents dans l\u2019histoire du pays\u2019\u2019, dit la m\u00eame source.<\/p>\n\n\n\n<p>FKS\/OID<\/p>\n","protected":false},"excerpt":{"rendered":"<p>Dakar, 23 oct (APS) \u2013 Le S\u00e9n\u00e9gal va abriter, en janvier, les expositions \u2018\u2019Senghor et les arts : r\u00e9inventer l\u2019universel\u2019\u2019<\/p>\n","protected":false},"author":1,"featured_media":8854,"comment_status":"open","ping_status":"open","sticky":false,"template":"","format":"standard","meta":{"footnotes":""},"categories":[21],"tags":[],"class_list":["post-23746","post","type-post","status-publish","format-standard","has-post-thumbnail","hentry","category-societe"],"_links":{"self":[{"href":"https:\/\/dekkbi.com\/index.php?rest_route=\/wp\/v2\/posts\/23746","targetHints":{"allow":["GET"]}}],"collection":[{"href":"https:\/\/dekkbi.com\/index.php?rest_route=\/wp\/v2\/posts"}],"about":[{"href":"https:\/\/dekkbi.com\/index.php?rest_route=\/wp\/v2\/types\/post"}],"author":[{"embeddable":true,"href":"https:\/\/dekkbi.com\/index.php?rest_route=\/wp\/v2\/users\/1"}],"replies":[{"embeddable":true,"href":"https:\/\/dekkbi.com\/index.php?rest_route=%2Fwp%2Fv2%2Fcomments&post=23746"}],"version-history":[{"count":1,"href":"https:\/\/dekkbi.com\/index.php?rest_route=\/wp\/v2\/posts\/23746\/revisions"}],"predecessor-version":[{"id":23747,"href":"https:\/\/dekkbi.com\/index.php?rest_route=\/wp\/v2\/posts\/23746\/revisions\/23747"}],"wp:featuredmedia":[{"embeddable":true,"href":"https:\/\/dekkbi.com\/index.php?rest_route=\/wp\/v2\/media\/8854"}],"wp:attachment":[{"href":"https:\/\/dekkbi.com\/index.php?rest_route=%2Fwp%2Fv2%2Fmedia&parent=23746"}],"wp:term":[{"taxonomy":"category","embeddable":true,"href":"https:\/\/dekkbi.com\/index.php?rest_route=%2Fwp%2Fv2%2Fcategories&post=23746"},{"taxonomy":"post_tag","embeddable":true,"href":"https:\/\/dekkbi.com\/index.php?rest_route=%2Fwp%2Fv2%2Ftags&post=23746"}],"curies":[{"name":"wp","href":"https:\/\/api.w.org\/{rel}","templated":true}]}}