{"id":23730,"date":"2023-10-22T12:28:23","date_gmt":"2023-10-22T12:28:23","guid":{"rendered":"https:\/\/dekkbi.com\/?p=23730"},"modified":"2023-10-22T12:28:24","modified_gmt":"2023-10-22T12:28:24","slug":"forum-paix-et-securite-au-togo-la-democratie-oui-mais-il-le-faut-a-lafricaine","status":"publish","type":"post","link":"https:\/\/dekkbi.com\/?p=23730","title":{"rendered":"Forum Paix et S\u00e9curit\u00e9 au Togo: \u00abLa d\u00e9mocratie oui, mais il le faut \u00e0 l\u2019africaine\u00bb"},"content":{"rendered":"\n<p>(rfi.fr)- Le Forum Paix et S\u00e9curit\u00e9 s\u2019est poursuivi, hier, samedi 21 octobre, \u00e0 Lom\u00e9 dans la capitale togolaise. Le panel sur \u00ab les transitions politiques \u00bb en Afrique est le principal th\u00e8me de cette \u00e9dition initi\u00e9e par le Togo avec notamment la participation de l\u2019ONU, de l\u2019UA et de pays du Sahel. Les discussions \u00e9taient particuli\u00e8rement anim\u00e9es.Devant le public, la ministre des Affaires \u00e9trang\u00e8res du Burkina Faso, dont le pays est dirig\u00e9 par une junte, a pris la parole pour d\u00e9fendre ce qu\u2019elle appelle \u00ab une d\u00e9mocratie \u00e0 l\u2019africaine \u00bb. Olivia Ragnaghnewend\u00e9 Rouamba : \u00ab La d\u00e9mocratie oui, mais il le faut \u00e0 l\u2019africaine. Quand on prend certains pays comme les Etats-Unis, ils ont eu leur travers\u00e9e du d\u00e9sert aussi, jusqu\u2019\u00e0 \u00eatre l\u00e0 o\u00f9 ils sont. \u00bb\u00ab On ne peut pas raser la t\u00eate de quelqu\u2019un en son absence \u00bbIci \u00e0 Lom\u00e9 dans la salle o\u00f9 se tient le Forum, on retrouve \u00e9galement le ministre malien des Affaires \u00e9trang\u00e8res. Abdoulaye Diop : \u00ab Naturellement quand il y a des changements anticonstitutionnels, il faut prendre des mesures, il faut appliquer des textes, mais il faut laisser la porte ouverte, donc c\u2019est pourquoi nous saluons ce qui se passe ici \u00e0 Lom\u00e9, de continuer \u00e0 dialoguer avec nous, de continuer \u00e0 faire en sorte qu\u2019on ne discute pas de nous sans nous, comme il y a un adage qui le dit chez nous, \u00ab on ne peut pas raser la t\u00eate de quelqu\u2019un en son absence \u00bb. \u00bbAutre pays dirig\u00e9 par les militaires au Sahel, le Niger d\u2019apr\u00e8s nos informations, plus discret pour le moment dans la capitale togolaise, sa d\u00e9l\u00e9gation dirig\u00e9e par un poids lourd de la junte devrait prendre la parole ce dimanche 22 octobre.<\/p>\n","protected":false},"excerpt":{"rendered":"<p>(rfi.fr)- Le Forum Paix et S\u00e9curit\u00e9 s\u2019est poursuivi, hier, samedi 21 octobre, \u00e0 Lom\u00e9 dans la capitale togolaise. Le panel<\/p>\n","protected":false},"author":1,"featured_media":23731,"comment_status":"open","ping_status":"open","sticky":false,"template":"","format":"standard","meta":{"footnotes":""},"categories":[51],"tags":[],"class_list":["post-23730","post","type-post","status-publish","format-standard","has-post-thumbnail","hentry","category-general"],"_links":{"self":[{"href":"https:\/\/dekkbi.com\/index.php?rest_route=\/wp\/v2\/posts\/23730","targetHints":{"allow":["GET"]}}],"collection":[{"href":"https:\/\/dekkbi.com\/index.php?rest_route=\/wp\/v2\/posts"}],"about":[{"href":"https:\/\/dekkbi.com\/index.php?rest_route=\/wp\/v2\/types\/post"}],"author":[{"embeddable":true,"href":"https:\/\/dekkbi.com\/index.php?rest_route=\/wp\/v2\/users\/1"}],"replies":[{"embeddable":true,"href":"https:\/\/dekkbi.com\/index.php?rest_route=%2Fwp%2Fv2%2Fcomments&post=23730"}],"version-history":[{"count":1,"href":"https:\/\/dekkbi.com\/index.php?rest_route=\/wp\/v2\/posts\/23730\/revisions"}],"predecessor-version":[{"id":23732,"href":"https:\/\/dekkbi.com\/index.php?rest_route=\/wp\/v2\/posts\/23730\/revisions\/23732"}],"wp:featuredmedia":[{"embeddable":true,"href":"https:\/\/dekkbi.com\/index.php?rest_route=\/wp\/v2\/media\/23731"}],"wp:attachment":[{"href":"https:\/\/dekkbi.com\/index.php?rest_route=%2Fwp%2Fv2%2Fmedia&parent=23730"}],"wp:term":[{"taxonomy":"category","embeddable":true,"href":"https:\/\/dekkbi.com\/index.php?rest_route=%2Fwp%2Fv2%2Fcategories&post=23730"},{"taxonomy":"post_tag","embeddable":true,"href":"https:\/\/dekkbi.com\/index.php?rest_route=%2Fwp%2Fv2%2Ftags&post=23730"}],"curies":[{"name":"wp","href":"https:\/\/api.w.org\/{rel}","templated":true}]}}