{"id":23708,"date":"2023-10-22T12:01:38","date_gmt":"2023-10-22T12:01:38","guid":{"rendered":"https:\/\/dekkbi.com\/?p=23708"},"modified":"2023-10-22T12:01:38","modified_gmt":"2023-10-22T12:01:38","slug":"sphere-ministerielle-otd-de-diamniadio-lintersyndicale-du-secteur-primaire-alerte-sur-les-conditions-de-travail","status":"publish","type":"post","link":"https:\/\/dekkbi.com\/?p=23708","title":{"rendered":"Sph\u00e8re Minist\u00e9rielle OTD de Diamniadio : L\u2019Intersyndicale du secteur primaire alerte sur les conditions de travail"},"content":{"rendered":"\n<p>L\u2019intersyndicale des travailleurs du secteur primaire, qui alerte sur les probl\u00e8mes r\u00e9currents dans la sph\u00e8re minist\u00e9rielle Ousmane Tanor Dieng, exige des solutions dans les meilleurs d\u00e9lais. \u00abIl s&rsquo;agit des ascenseurs qui sont \u00e0 l&rsquo;arr\u00eat, des climatiseurs qui ne marchent plus, des techniciens de surface qui ont d\u00e9sert\u00e9 les lieux et des coupures d&rsquo;eau\u00bb, peut-on lire dans le communiqu\u00e9 transmis \u00e0 la presse.<\/p>\n\n\n\n<p>A en croire le secr\u00e9taire g\u00e9n\u00e9ral de l\u2019intersyndicale, qui a sign\u00e9 le document, cette situation \u00e9mane d\u2019un mouvement d\u2019humeur de la soci\u00e9t\u00e9 \u00abEnvol\u00bb, nous apprend Le Grand Panel<\/p>\n\n\n\n<p>\u00abCes dysfonctionnements sont dus \u00e0 la gr\u00e8ve de la soci\u00e9t\u00e9 \u00abEnvol\u00bb, charg\u00e9e d&rsquo;assurer l&rsquo;exploitation de la sph\u00e8re minist\u00e9rielle. L&rsquo;intersyndicale a pris le soin d&rsquo;aller rencontrer les responsables du service pour conna\u00eetre le probl\u00e8me. Il se trouve que l&rsquo;\u00c9tat du S\u00e9n\u00e9gal leur doit de l&rsquo;argent depuis pr\u00e8s d&rsquo;un an et la soci\u00e9t\u00e9 ne parvient plus \u00e0 assurer la continuit\u00e9 de ses services\u00bb, a expliqu\u00e9 Oumar Dram\u00e9.<\/p>\n\n\n\n<p>Pour qui, \u00abcette situation, gravissime, affecte le fonctionnement des minist\u00e8res des P\u00eaches, de l&rsquo;Agriculture, de l&rsquo;\u00c9levage, des Mines et de l&rsquo;Industrie, des Microfinances qui sont log\u00e9s dans ladite sph\u00e8re\u00bb. Pour l\u2019intersyndicale qu\u2019il coordonne, \u00abil est impensable que dans des b\u00e2timents de 8 \u00e9tages, les ascenseurs soient \u00e0 l&rsquo;arr\u00eat obligeant les agents \u00e0 prendre les escaliers\u00bb.<\/p>\n\n\n\n<p>L\u2019organisation d\u00e9nonce une situation infernale. \u00abDans les bureaux, la climatisation ne fonctionne pas et il n\u2019y a pas d\u2019eau avec des odeurs naus\u00e9abondes dues \u00e0 l&rsquo;absence d&rsquo;entretien des toilettes, rendant les conditions de travail insoutenables. C&rsquo;est vraiment la catastrophe totale\u00bb, rel\u00e8ve la note parcourue par Le Grand Panel.<\/p>\n\n\n\n<p>Cependant, l&rsquo;intersyndicale interpelle directement le gouvernement du S\u00e9n\u00e9gal pour prendre des mesures imm\u00e9diates afin de r\u00e9soudre ce probl\u00e8me et menace de plomber le service si rien n\u2019est fait sous peu.<\/p>\n\n\n\n<p>\u00abNous serons oblig\u00e9s de rester purement et simplement chez nous car dans ces conditions infernales, aucun agent ne peut y travailler malgr\u00e9 notre ferme volont\u00e9 d&rsquo;assurer le service\u00bb, a encore averti le syndicaliste.<\/p>\n\n\n\n<p>SOURCE LERAL<\/p>\n","protected":false},"excerpt":{"rendered":"<p>L\u2019intersyndicale des travailleurs du secteur primaire, qui alerte sur les probl\u00e8mes r\u00e9currents dans la sph\u00e8re minist\u00e9rielle Ousmane Tanor Dieng, exige<\/p>\n","protected":false},"author":1,"featured_media":23709,"comment_status":"open","ping_status":"open","sticky":false,"template":"","format":"standard","meta":{"footnotes":""},"categories":[3],"tags":[],"class_list":["post-23708","post","type-post","status-publish","format-standard","has-post-thumbnail","hentry","category-event-more-news"],"_links":{"self":[{"href":"https:\/\/dekkbi.com\/index.php?rest_route=\/wp\/v2\/posts\/23708","targetHints":{"allow":["GET"]}}],"collection":[{"href":"https:\/\/dekkbi.com\/index.php?rest_route=\/wp\/v2\/posts"}],"about":[{"href":"https:\/\/dekkbi.com\/index.php?rest_route=\/wp\/v2\/types\/post"}],"author":[{"embeddable":true,"href":"https:\/\/dekkbi.com\/index.php?rest_route=\/wp\/v2\/users\/1"}],"replies":[{"embeddable":true,"href":"https:\/\/dekkbi.com\/index.php?rest_route=%2Fwp%2Fv2%2Fcomments&post=23708"}],"version-history":[{"count":1,"href":"https:\/\/dekkbi.com\/index.php?rest_route=\/wp\/v2\/posts\/23708\/revisions"}],"predecessor-version":[{"id":23710,"href":"https:\/\/dekkbi.com\/index.php?rest_route=\/wp\/v2\/posts\/23708\/revisions\/23710"}],"wp:featuredmedia":[{"embeddable":true,"href":"https:\/\/dekkbi.com\/index.php?rest_route=\/wp\/v2\/media\/23709"}],"wp:attachment":[{"href":"https:\/\/dekkbi.com\/index.php?rest_route=%2Fwp%2Fv2%2Fmedia&parent=23708"}],"wp:term":[{"taxonomy":"category","embeddable":true,"href":"https:\/\/dekkbi.com\/index.php?rest_route=%2Fwp%2Fv2%2Fcategories&post=23708"},{"taxonomy":"post_tag","embeddable":true,"href":"https:\/\/dekkbi.com\/index.php?rest_route=%2Fwp%2Fv2%2Ftags&post=23708"}],"curies":[{"name":"wp","href":"https:\/\/api.w.org\/{rel}","templated":true}]}}