{"id":23660,"date":"2023-10-21T11:12:20","date_gmt":"2023-10-21T11:12:20","guid":{"rendered":"https:\/\/dekkbi.com\/?p=23660"},"modified":"2023-10-21T11:12:21","modified_gmt":"2023-10-21T11:12:21","slug":"rafael-nadal-a-lopen-daustralie-je-nai-pas-encore-de-date-de-reprise","status":"publish","type":"post","link":"https:\/\/dekkbi.com\/?p=23660","title":{"rendered":"Rafael Nadal \u00e0 l\u2019Open d\u2019Australie? \u201cJe n\u2019ai pas encore de date de reprise\u201d"},"content":{"rendered":"\n<p>Rafael Nadal a laiss\u00e9 planer le douter sur la date de son retour dans un entretien accord\u00e9 au site espagnol El Desmarque ce vendredi. Si le directeur de l\u2019Open d\u2019Australie, Craig Tiley, a r\u00e9cemment affirm\u00e9 que l\u2019Espagnol ferait son come back en janvier prochain, le principal int\u00e9ress\u00e9 n\u2019a pas \u00e9t\u00e9 aussi affirmatif.<\/p>\n\n\n\n<p>Un retour un an apr\u00e8s \u00e0 l\u2019Open d\u2019Australie? Rafael Nadal n\u2019a plus \u00e9t\u00e9 vu sur le circuit depuis sa d\u00e9faite au deuxi\u00e8me tour \u00e0 Melbourne en janvier dernier. Bless\u00e9 \u00e0 la hanche et op\u00e9r\u00e9 au psoas gauche il y a quatre mois, le Majorquin est remont\u00e9 sur les courts depuis d\u00e9but octobre. Le directeur du premier Grand Chelem de l\u2019ann\u00e9e Craig Tiley a m\u00eame d\u00e9clar\u00e9 le 11 octobre dernier que le joueur de 37 ans serait pr\u00e9sent en Australie. Une annonce rapidement temp\u00e9r\u00e9e par le clan du Taureau de Manacor.<\/p>\n\n\n\n<p>Pr\u00e8s de dix jours apr\u00e8s, Nadal s\u2019est exprim\u00e9 en personne pour tenter d\u2019\u00e9clairer la situation. \u201cIl n\u2019y a pas encore de date de reprise. Je n\u2019aurais pas pu disputer la Coupe Davis en novembre. Je prends chaque jour comme il vient parce que je n\u2019ai pas la capacit\u00e9 de savoir comment mon corps va \u00eatre d\u2019ici quelques mois. Ma premi\u00e8re option en ce moment m\u00eame, c\u2019est janvier en Australie, mais je ne le sais pas de fa\u00e7on certaine\u201d, a-t-il lanc\u00e9.<\/p>\n\n\n\n<p>\u201cJe peux m\u2019entra\u00eener un peu plus et c\u2019est d\u00e9j\u00e0 un pas en avant. J\u2019ai moins de douleurs, mais j\u2019ai encore des g\u00e8nes. Si je n\u2019en avais plus, je pourrais donner une date. Mais je fais des choses qu\u2019avant je ne pouvais pas faire\u201d, a ajout\u00e9 celui qui est d\u00e9sormais class\u00e9 243e \u00e0 l\u2019ATP.<\/p>\n\n\n\n<p>7\/7<\/p>\n","protected":false},"excerpt":{"rendered":"<p>Rafael Nadal a laiss\u00e9 planer le douter sur la date de son retour dans un entretien accord\u00e9 au site espagnol<\/p>\n","protected":false},"author":1,"featured_media":21811,"comment_status":"open","ping_status":"open","sticky":false,"template":"","format":"standard","meta":{"footnotes":""},"categories":[9],"tags":[],"class_list":["post-23660","post","type-post","status-publish","format-standard","has-post-thumbnail","hentry","category-sports"],"_links":{"self":[{"href":"https:\/\/dekkbi.com\/index.php?rest_route=\/wp\/v2\/posts\/23660","targetHints":{"allow":["GET"]}}],"collection":[{"href":"https:\/\/dekkbi.com\/index.php?rest_route=\/wp\/v2\/posts"}],"about":[{"href":"https:\/\/dekkbi.com\/index.php?rest_route=\/wp\/v2\/types\/post"}],"author":[{"embeddable":true,"href":"https:\/\/dekkbi.com\/index.php?rest_route=\/wp\/v2\/users\/1"}],"replies":[{"embeddable":true,"href":"https:\/\/dekkbi.com\/index.php?rest_route=%2Fwp%2Fv2%2Fcomments&post=23660"}],"version-history":[{"count":1,"href":"https:\/\/dekkbi.com\/index.php?rest_route=\/wp\/v2\/posts\/23660\/revisions"}],"predecessor-version":[{"id":23661,"href":"https:\/\/dekkbi.com\/index.php?rest_route=\/wp\/v2\/posts\/23660\/revisions\/23661"}],"wp:featuredmedia":[{"embeddable":true,"href":"https:\/\/dekkbi.com\/index.php?rest_route=\/wp\/v2\/media\/21811"}],"wp:attachment":[{"href":"https:\/\/dekkbi.com\/index.php?rest_route=%2Fwp%2Fv2%2Fmedia&parent=23660"}],"wp:term":[{"taxonomy":"category","embeddable":true,"href":"https:\/\/dekkbi.com\/index.php?rest_route=%2Fwp%2Fv2%2Fcategories&post=23660"},{"taxonomy":"post_tag","embeddable":true,"href":"https:\/\/dekkbi.com\/index.php?rest_route=%2Fwp%2Fv2%2Ftags&post=23660"}],"curies":[{"name":"wp","href":"https:\/\/api.w.org\/{rel}","templated":true}]}}