{"id":23648,"date":"2023-10-21T10:55:29","date_gmt":"2023-10-21T10:55:29","guid":{"rendered":"https:\/\/dekkbi.com\/?p=23648"},"modified":"2023-10-21T10:55:30","modified_gmt":"2023-10-21T10:55:30","slug":"bresil-veto-partiel-de-lula-autour-dune-loi-limitant-la-reconnaissance-des-terres-indigenes","status":"publish","type":"post","link":"https:\/\/dekkbi.com\/?p=23648","title":{"rendered":"Br\u00e9sil: \u00abveto\u00bb partiel de Lula autour d&rsquo;une loi limitant la reconnaissance des terres indig\u00e8nes"},"content":{"rendered":"\n<p>Ce vendredi 20 octobre, le pr\u00e9sident br\u00e9silien Luiz Inacio Lula da Silva a annonc\u00e9 qu&rsquo;il opposerait un veto partiel \u00e0 un projet de loi limitant la reconnaissance des terres indig\u00e8nes et r\u00e9cemment approuv\u00e9 par le S\u00e9nat.<\/p>\n\n\n\n<p>Le pr\u00e9sident br\u00e9silien Luiz Inacio Lula da Silva va opposer son veto \u00e0 une disposition centrale du projet de loi qui n&rsquo;aurait reconnu les droits des peuples autochtones que sur les territoires qu&rsquo;ils occupaient ou qu&rsquo;ils contestaient au moment de la promulgation de la Constitution, en 1988, a rapport\u00e9 le ministre des Relations institutionnelles Alexandre Padilha. Le texte, soutenu par le puissant secteur de l&rsquo;agro-industrie, est consid\u00e9r\u00e9 par certains critiques comme une tentative de contrecarrer les projets de Lula en mati\u00e8re de protection de l&rsquo;environnement et des terres indig\u00e8nes.D&rsquo;apr\u00e8s M. Padilha, le veto du pr\u00e9sident br\u00e9silien sera partiel et non total, contrairement \u00e0 ce que r\u00e9clamaient les mouvements indig\u00e8nes, et le reste du projet de loi sera promulgu\u00e9. \u00ab Tout ce qui portait atteinte aux droits des peuples indig\u00e8nes et (allait \u00e0 l&rsquo;encontre de) la Constitution, et les r\u00e9centes d\u00e9cisions de (justice), ont \u00e9t\u00e9 rejet\u00e9s \u00bb, a d\u00e9clar\u00e9 le ministre. Le veto pr\u00e9sidentiel doit encore \u00eatre soumis \u00e0 l&rsquo;\u00e9tude du Parlement br\u00e9silien. En cas de rejet, un recours aupr\u00e8s de la Cour supr\u00eame pourrait avoir lieu.<\/p>\n","protected":false},"excerpt":{"rendered":"<p>Ce vendredi 20 octobre, le pr\u00e9sident br\u00e9silien Luiz Inacio Lula da Silva a annonc\u00e9 qu&rsquo;il opposerait un veto partiel \u00e0<\/p>\n","protected":false},"author":1,"featured_media":23649,"comment_status":"open","ping_status":"open","sticky":false,"template":"","format":"standard","meta":{"footnotes":""},"categories":[51],"tags":[],"class_list":["post-23648","post","type-post","status-publish","format-standard","has-post-thumbnail","hentry","category-general"],"_links":{"self":[{"href":"https:\/\/dekkbi.com\/index.php?rest_route=\/wp\/v2\/posts\/23648","targetHints":{"allow":["GET"]}}],"collection":[{"href":"https:\/\/dekkbi.com\/index.php?rest_route=\/wp\/v2\/posts"}],"about":[{"href":"https:\/\/dekkbi.com\/index.php?rest_route=\/wp\/v2\/types\/post"}],"author":[{"embeddable":true,"href":"https:\/\/dekkbi.com\/index.php?rest_route=\/wp\/v2\/users\/1"}],"replies":[{"embeddable":true,"href":"https:\/\/dekkbi.com\/index.php?rest_route=%2Fwp%2Fv2%2Fcomments&post=23648"}],"version-history":[{"count":1,"href":"https:\/\/dekkbi.com\/index.php?rest_route=\/wp\/v2\/posts\/23648\/revisions"}],"predecessor-version":[{"id":23650,"href":"https:\/\/dekkbi.com\/index.php?rest_route=\/wp\/v2\/posts\/23648\/revisions\/23650"}],"wp:featuredmedia":[{"embeddable":true,"href":"https:\/\/dekkbi.com\/index.php?rest_route=\/wp\/v2\/media\/23649"}],"wp:attachment":[{"href":"https:\/\/dekkbi.com\/index.php?rest_route=%2Fwp%2Fv2%2Fmedia&parent=23648"}],"wp:term":[{"taxonomy":"category","embeddable":true,"href":"https:\/\/dekkbi.com\/index.php?rest_route=%2Fwp%2Fv2%2Fcategories&post=23648"},{"taxonomy":"post_tag","embeddable":true,"href":"https:\/\/dekkbi.com\/index.php?rest_route=%2Fwp%2Fv2%2Ftags&post=23648"}],"curies":[{"name":"wp","href":"https:\/\/api.w.org\/{rel}","templated":true}]}}