{"id":23636,"date":"2023-10-21T10:32:42","date_gmt":"2023-10-21T10:32:42","guid":{"rendered":"https:\/\/dekkbi.com\/?p=23636"},"modified":"2023-10-21T10:32:43","modified_gmt":"2023-10-21T10:32:43","slug":"maram-kaire-met-en-exergue-lapport-du-secteur-spatial-dans-differents-domaines","status":"publish","type":"post","link":"https:\/\/dekkbi.com\/?p=23636","title":{"rendered":"Maram Ka\u00efr\u00e9 met en exergue l\u2019apport du secteur spatial dans diff\u00e9rents domaines"},"content":{"rendered":"\n<p>Dakar, (APS) \u2013 L\u2019astronome, Maram Ka\u00efr\u00e9, directeur g\u00e9n\u00e9ral de l\u2019Agence s\u00e9n\u00e9galaise des \u00e9tudes spatiales (ASES), a mis en exergue, vendredi \u00e0 Dakar, l\u2019apport du secteur spatial dans diff\u00e9rents domaines d\u2019activit\u00e9s.\u2018\u2019Au S\u00e9n\u00e9gal, si nous devons essayer de donner une cartographie de ce que le spatial peut apporter, on peut prendre des segments d\u2019urgence\u2019\u2019, a-t-il dit donnant des exemples dans les domaines de la sant\u00e9, l\u2019\u00e9ducation, l\u2019\u00e9levage et  l\u2019agriculture.L\u2019astronome s\u00e9n\u00e9galais recevait une \u00e9quipe de l\u2019Agence de presse s\u00e9n\u00e9galaise (APS) en pr\u00e9lude de la premi\u00e8re \u00e9dition du Forum internationale UA-UE sur le dialogue spatial pr\u00e9vue du 24 au 26 octobre \u00e0 Dakar.\u00ab Aujourd\u2019hui, le spatial apporte une r\u00e9ponse gr\u00e2ce \u00e0 la connectivit\u00e9 par satellite qui vient s\u2019ajouter \u00e0 la connectivit\u00e9 terrestre qui est d\u00e9j\u00e0 en cours de d\u00e9ploiement au S\u00e9n\u00e9gal, \u00e7a nous permet de toucher les zones les plus recul\u00e9es du S\u00e9n\u00e9gal et de pouvoir faire intervenir des sp\u00e9cialistes \u00bb, a fait savoir l\u2019astronome.Le S\u00e9n\u00e9gal peut recourir au spatial pour assurer la s\u00e9curit\u00e9 \u00e0 l\u2019int\u00e9rieur du pays au niveau des fronti\u00e8res \u00ab gr\u00e2ce \u00e0 une flotte de satellites qui dispose d\u2019un temps de passage assez \u00e9lev\u00e9 autour du globe \u00bb, a-t-il recommand\u00e9.Cette technologie de surveillance, selon lui,  peut servir le S\u00e9n\u00e9gal \u00e0 faire face aux menaces s\u00e9curitaires dans une sous-r\u00e9gion marqu\u00e9e par des tensions. De m\u00eame, le S\u00e9n\u00e9gal peut disposer de \u00ab syst\u00e8mes d\u2019alerte pr\u00e9coce \u00bb dans le cadre d\u2019exploitation des ressources p\u00e9troli\u00e8res et gazi\u00e8res en vue, a-t-il ajout\u00e9.\u00ab Aujourd\u2019hui, gr\u00e2ce \u00e0 une surveillance avec les satellites, on peut arriver \u00e0 d\u00e9tecter une fuite qu\u2019il y aurait sur une zone \u00e9ventuelle et peut-\u00eatre dans l\u2019heure qui suit pouvoir circonscrire le probl\u00e8me et d\u2019intervenir tr\u00e8s rapidement \u00bb, a-t-il dit.Il en est de m\u00eame pour les questions li\u00e9es \u00e0 l\u2019agriculture, l\u2019\u00e9levage, l\u2019urbanisme, le cadastre, l\u2019am\u00e9nagement du territoire, la mobilit\u00e9 urbaine, a-t-il encore relev\u00e9.Le spatial peut aider \u00e0 optimiser le trafic dans les villesSur ce dernier point, le DG de l\u2019ASES a assur\u00e9 que \u00ab l\u2019utilisation des satellites va nous permettre de pouvoir, gr\u00e2ce \u00e0 des algorithmes d\u2019intelligence artificielle, faire des simulations pour optimiser le trafic dans nos villes \u00bb.Les trafics routiers engendrent des pertes \u00e9normes pour le S\u00e9n\u00e9gal, a-t-il d\u00e9plor\u00e9, en citant le pr\u00e9sident de la R\u00e9publique qui dans un entretien a estim\u00e9 cela \u2018\u2019\u00e0 peu pr\u00e8s 100 milliards de FCFA par an \u00bb.\u00ab Si aujourd\u2019hui, gr\u00e2ce au spatial et \u00e0 l\u2019intelligence artificielle nous arrivons \u00e0 optimiser la gestion du trafic, c\u2019est quelque chose de tr\u00e8s important pour notre \u00e9conomie \u00bb, a-t-il salu\u00e9.Pour l\u2019ann\u00e9e 2022, a-t-il indiqu\u00e9, l\u2019\u00e9conomie autour du secteur spatial avoisine les 420 milliards de dollars pour donner une id\u00e9e de son impact sur le plan mondial.Le directeur g\u00e9n\u00e9ral de l\u2019Agence s\u00e9n\u00e9galaise d\u2019\u00e9tudes spatiales est d\u2019avis que le spatial est \u00ab un secteur qui est extr\u00eamement dynamique qui \u00e9volue tr\u00e8s vite parce qu\u2019il est simplement transversal et touche quasiment toutes les priorit\u00e9s des populations \u00bb.<\/p>\n","protected":false},"excerpt":{"rendered":"<p>Dakar, (APS) \u2013 L\u2019astronome, Maram Ka\u00efr\u00e9, directeur g\u00e9n\u00e9ral de l\u2019Agence s\u00e9n\u00e9galaise des \u00e9tudes spatiales (ASES), a mis en exergue, vendredi<\/p>\n","protected":false},"author":1,"featured_media":23637,"comment_status":"open","ping_status":"open","sticky":false,"template":"","format":"standard","meta":{"footnotes":""},"categories":[21],"tags":[],"class_list":["post-23636","post","type-post","status-publish","format-standard","has-post-thumbnail","hentry","category-societe"],"_links":{"self":[{"href":"https:\/\/dekkbi.com\/index.php?rest_route=\/wp\/v2\/posts\/23636","targetHints":{"allow":["GET"]}}],"collection":[{"href":"https:\/\/dekkbi.com\/index.php?rest_route=\/wp\/v2\/posts"}],"about":[{"href":"https:\/\/dekkbi.com\/index.php?rest_route=\/wp\/v2\/types\/post"}],"author":[{"embeddable":true,"href":"https:\/\/dekkbi.com\/index.php?rest_route=\/wp\/v2\/users\/1"}],"replies":[{"embeddable":true,"href":"https:\/\/dekkbi.com\/index.php?rest_route=%2Fwp%2Fv2%2Fcomments&post=23636"}],"version-history":[{"count":1,"href":"https:\/\/dekkbi.com\/index.php?rest_route=\/wp\/v2\/posts\/23636\/revisions"}],"predecessor-version":[{"id":23638,"href":"https:\/\/dekkbi.com\/index.php?rest_route=\/wp\/v2\/posts\/23636\/revisions\/23638"}],"wp:featuredmedia":[{"embeddable":true,"href":"https:\/\/dekkbi.com\/index.php?rest_route=\/wp\/v2\/media\/23637"}],"wp:attachment":[{"href":"https:\/\/dekkbi.com\/index.php?rest_route=%2Fwp%2Fv2%2Fmedia&parent=23636"}],"wp:term":[{"taxonomy":"category","embeddable":true,"href":"https:\/\/dekkbi.com\/index.php?rest_route=%2Fwp%2Fv2%2Fcategories&post=23636"},{"taxonomy":"post_tag","embeddable":true,"href":"https:\/\/dekkbi.com\/index.php?rest_route=%2Fwp%2Fv2%2Ftags&post=23636"}],"curies":[{"name":"wp","href":"https:\/\/api.w.org\/{rel}","templated":true}]}}