{"id":23575,"date":"2023-10-20T11:47:03","date_gmt":"2023-10-20T11:47:03","guid":{"rendered":"https:\/\/dekkbi.com\/?p=23575"},"modified":"2023-10-20T11:47:04","modified_gmt":"2023-10-20T11:47:04","slug":"guerre-israel-hamas-il-y-a-une-certaine-intimite-entre-les-etats-unis-et-letat-hebreu","status":"publish","type":"post","link":"https:\/\/dekkbi.com\/?p=23575","title":{"rendered":"Guerre Isra\u00ebl-Hamas: \u00abIl y a une certaine intimit\u00e9 entre les \u00c9tats-Unis et l&rsquo;\u00c9tat h\u00e9breu"},"content":{"rendered":"\n<p>Depuis que le Hamas a lanc\u00e9, le 7 octobre, une attaque sans pr\u00e9c\u00e9dent depuis 50 ans contre Isra\u00ebl, le pr\u00e9sident am\u00e9ricain Joe Biden n&rsquo;a cess\u00e9 de r\u00e9affirmer son soutien \u00ab solide et in\u00e9branlable \u00bb \u00e0 l&rsquo;\u00c9tat h\u00e9breu : entretiens avec le Premier ministre isra\u00e9lien, d\u00e9ploiement de porte-avions, veto \u00e0 une r\u00e9solution du Conseil de s\u00e9curit\u00e9&#8230; Andr\u00e9 Kaspi, auteur et sp\u00e9cialiste des \u00c9tats-Unis, revient sur les raisons de la position am\u00e9ricaine, loin d&rsquo;\u00eatre nouvelle<\/p>\n\n\n\n<p>RFI : Le pr\u00e9sident am\u00e9ricain a d\u00e9clar\u00e9 mardi 10 octobre \u00ab les liens entre Isra\u00ebl et les \u00c9tats-Unis sont profonds \u00bb. Quelles sont les origines de ces liens profonds, qui semblent motiver le soutien des \u00c9tats-Unis ?<\/p>\n\n\n\n<p>Andr\u00e9 Kaspi : D&rsquo;abord, il y a des liens politiques, c&rsquo;est-\u00e0-dire qu&rsquo;Isra\u00ebl est une d\u00e9mocratie au m\u00eame titre que les \u00c9tats-Unis. D&rsquo;autre part, il y a la perception aux \u00c9tats-Unis des souffrances que les juifs ont endur\u00e9 pendant la Seconde Guerre mondiale et de la n\u00e9cessit\u00e9 de ne pas laisser se reproduire ce qu\u2019il s&rsquo;est pass\u00e9 entre 1940 et 1944. Le pr\u00e9sident Truman a \u00e9t\u00e9 le premier \u00e0 reconna\u00eetre l&rsquo;\u00c9tat d&rsquo;Isra\u00ebl en 1948. Il y a une volont\u00e9 des Am\u00e9ricains de d\u00e9fendre l&rsquo;existence d&rsquo;Isra\u00ebl. Pour la comprendre, il ne faut pas oublier que jusqu&rsquo;en 1967, le principal alli\u00e9 d&rsquo;Isra\u00ebl, c&rsquo;\u00e9tait la France. Et \u00e0 partir de 1967 et de la guerre des Six Jours, la France a pris ses distances, elle a \u00e9t\u00e9 remplac\u00e9e par les \u00c9tats-Unis. \u00c7a a \u00e9t\u00e9 un tournant. Il y a maintenant entre les deux pays une certaine intimit\u00e9, des liens qui sont particuli\u00e8rement forts. \u00c7a ne veut pas dire qu&rsquo;ils ne peuvent pas \u00eatre en d\u00e9saccord sur certains points, \u00e7a ne veut pas dire non plus que tous les dirigeants isra\u00e9liens sont consid\u00e9r\u00e9s comme des amis par les Am\u00e9ricains. Aux \u00c9tats-Unis, avec la pr\u00e9sence d\u2019une communaut\u00e9 juive et de fondamentalistes chr\u00e9tiens, il y a l\u00e0 aussi des \u00e9l\u00e9ments qui contribuent \u00e0 unir les deux pays et \u00e0 faire que les uns et les autres se sentent parties d&rsquo;un m\u00eame combat. Les \u00c9tats-Unis ont r\u00e9pondu pr\u00e9sents au cours de la guerre du Kippour il y a cinquante ans, c&rsquo;est encore le cas aujourd&rsquo;hui. \u00c7a ne veut pas dire que les deux pays fonctionnent dans une totale amiti\u00e9 et qu&rsquo;il ne puisse pas y avoir des divergences. Mais les deux \u00c9tats sont li\u00e9s l&rsquo;un \u00e0 l&rsquo;autre et leurs populations ont des points communs qui expliquent non seulement leur rapprochement, mais aussi leur unit\u00e9 dans les moments les plus difficiles. Ajoutez \u00e0 cela des liens proprement humains, c&rsquo;est-\u00e0-dire des familles qui sont r\u00e9parties ici et l\u00e0, des liens \u00e9conomiques, des liens industriels, des liens scientifiques. Tout \u00e7a fait qu&rsquo;Isra\u00ebl et les \u00c9tats-Unis sont tr\u00e8s proches l&rsquo;un de l&rsquo;autre.<\/p>\n\n\n\n<p>Quel est le poids politique de la minorit\u00e9 juive am\u00e9ricaine ?<\/p>\n\n\n\n<p>Aux \u00c9tats-Unis, la minorit\u00e9 juive est limit\u00e9e \u00e0 2% de la population, c&rsquo;est tr\u00e8s peu. Et parmi ces juifs am\u00e9ricains, bon nombre ne sont pas religieux et tous n&rsquo;ont pas forc\u00e9ment des liens \u00e9troits avec l&rsquo;\u00c9tat d&rsquo;Isra\u00ebl. En revanche, il y a des minorit\u00e9s chr\u00e9tiennes qui se sentent proches de l&rsquo;\u00c9tat h\u00e9breu, parce qu&rsquo;Isra\u00ebl est \u00e9tabli sur la Terre sainte et que par cons\u00e9quent, aux yeux des membres de ces communaut\u00e9s religieuses, il est \u00e9vident qu&rsquo;Isra\u00ebl a une pr\u00e9sence particuli\u00e8re et un r\u00f4le pr\u00e9cis dans l&rsquo;histoire du monde. Et pour ces chr\u00e9tiens fondamentalistes, c&rsquo;est extr\u00eamement important de se sentir proche de l&rsquo;\u00c9tat d&rsquo;Isra\u00ebl. Ce qui rapproche les \u00c9tats-Unis de l&rsquo;\u00c9tat d&rsquo;Isra\u00ebl n&rsquo;est pas du tout limit\u00e9 \u00e0 l&rsquo;action de la communaut\u00e9 juive, m\u00eame si elle joue un r\u00f4le, ce lien correspond \u00e0 quelque chose de plus large qui porte sur les liens religieux, politiques, \u00e9conomiques et culturels. <\/p>\n\n\n\n<p>SOURCE RFI<\/p>\n","protected":false},"excerpt":{"rendered":"<p>Depuis que le Hamas a lanc\u00e9, le 7 octobre, une attaque sans pr\u00e9c\u00e9dent depuis 50 ans contre Isra\u00ebl, le pr\u00e9sident<\/p>\n","protected":false},"author":1,"featured_media":23576,"comment_status":"open","ping_status":"open","sticky":false,"template":"","format":"standard","meta":{"footnotes":""},"categories":[51],"tags":[],"class_list":["post-23575","post","type-post","status-publish","format-standard","has-post-thumbnail","hentry","category-general"],"_links":{"self":[{"href":"https:\/\/dekkbi.com\/index.php?rest_route=\/wp\/v2\/posts\/23575","targetHints":{"allow":["GET"]}}],"collection":[{"href":"https:\/\/dekkbi.com\/index.php?rest_route=\/wp\/v2\/posts"}],"about":[{"href":"https:\/\/dekkbi.com\/index.php?rest_route=\/wp\/v2\/types\/post"}],"author":[{"embeddable":true,"href":"https:\/\/dekkbi.com\/index.php?rest_route=\/wp\/v2\/users\/1"}],"replies":[{"embeddable":true,"href":"https:\/\/dekkbi.com\/index.php?rest_route=%2Fwp%2Fv2%2Fcomments&post=23575"}],"version-history":[{"count":1,"href":"https:\/\/dekkbi.com\/index.php?rest_route=\/wp\/v2\/posts\/23575\/revisions"}],"predecessor-version":[{"id":23577,"href":"https:\/\/dekkbi.com\/index.php?rest_route=\/wp\/v2\/posts\/23575\/revisions\/23577"}],"wp:featuredmedia":[{"embeddable":true,"href":"https:\/\/dekkbi.com\/index.php?rest_route=\/wp\/v2\/media\/23576"}],"wp:attachment":[{"href":"https:\/\/dekkbi.com\/index.php?rest_route=%2Fwp%2Fv2%2Fmedia&parent=23575"}],"wp:term":[{"taxonomy":"category","embeddable":true,"href":"https:\/\/dekkbi.com\/index.php?rest_route=%2Fwp%2Fv2%2Fcategories&post=23575"},{"taxonomy":"post_tag","embeddable":true,"href":"https:\/\/dekkbi.com\/index.php?rest_route=%2Fwp%2Fv2%2Ftags&post=23575"}],"curies":[{"name":"wp","href":"https:\/\/api.w.org\/{rel}","templated":true}]}}