{"id":23549,"date":"2023-10-20T11:06:50","date_gmt":"2023-10-20T11:06:50","guid":{"rendered":"https:\/\/dekkbi.com\/?p=23549"},"modified":"2023-10-20T11:06:50","modified_gmt":"2023-10-20T11:06:50","slug":"la-34eme-edition-des-jcc-annulee-en-solidarite-avec-le-peuple-palestinien","status":"publish","type":"post","link":"https:\/\/dekkbi.com\/?p=23549","title":{"rendered":"La 34\u00e8me \u00e9dition des JCC annul\u00e9e en solidarit\u00e9 avec le peuple palestinien"},"content":{"rendered":"\n<p>Dakar, 20 oct (APS) \u2013 Le minist\u00e8re tunisien des Affaires culturelles a d\u00e9cid\u00e9 d\u2019annuler la 34\u00e8me \u00e9dition des Journ\u00e9es cin\u00e9matographiques de Carthage (JCC), en solidarit\u00e9 avec le peuple palestinien qui subit \u00ab une trag\u00e9die inacceptable \u00bb, a appris l\u2019APS du comit\u00e9 directeur du festival.<\/p>\n\n\n\n<p>Les JCC \u00e9taient pr\u00e9vues pour se tenir du 28 octobre au 4 novembre dans la capitale tunisienne, avec le S\u00e9n\u00e9gal comme invit\u00e9 d\u2019honneur.<\/p>\n\n\n\n<p>Le programme de la manifestation pr\u00e9voyait un hommage au cin\u00e9aste Ousmane Semb\u00e8ne, dans le cadre de la c\u00e9l\u00e9bration du centenaire de la naissance du premier laur\u00e9at du Tanit d\u2019or des Journ\u00e9es cin\u00e9matographiques de Carthage lors de sa cr\u00e9ation en 1966. \u00bb<\/p>\n\n\n\n<p>Le comit\u00e9 directeur de la 34e session des Journ\u00e9es cin\u00e9matographiques de Carthage a l\u2019immense regret de vous informer, que dans le contexte de la trag\u00e9die inacceptable subie actuellement par les populations palestiniennes fr\u00e8res, le minist\u00e8re tunisien des Affaires culturelles a d\u00e9cid\u00e9, ce 19 octobre 2023, l\u2019annulation de la session pr\u00e9vue du festival des Journ\u00e9es cin\u00e9matographiques de Carthage \u00bb, lit-on dans un communiqu\u00e9.Cette d\u00e9cision s\u2019inscrit \u00ab dans le cadre de la solidarit\u00e9 manifest\u00e9e au plus haut niveau en Tunisie avec le peuple palestinien \u00bb, en raison de la \u00ab situation critique \u00bb que vivent les habitants de Gaza soumis \u00e0 \u00ab un si\u00e8ge complet \u00bb et victimes de bombardements quotidiens, en r\u00e9action aux attaques meurtri\u00e8res du Hamas en territoire isra\u00e9lien le 7 octobre.<\/p>\n\n\n\n<p>Le gouvernement isra\u00e9lien a coup\u00e9 l\u2019\u00e9lectricit\u00e9, le carburant, l\u2019eau et la nourriture \u00e0 Gaza dans le cadre de ce si\u00e8ge, ce qui fait craindre une catastrophe humanitaire de grande ampleur.Avant l\u2019annonce de l\u2019annulation pure et simple du festival, le comit\u00e9 directeur des Journ\u00e9es cin\u00e9matographiques de Carthage avait indiqu\u00e9 que la session 2023 se tiendrait en solidarit\u00e9 avec la Palestine et \u00ab dans le respect des luttes d\u2019un peuple qui subit meurtres et destructions et qui r\u00e9siste pour reconqu\u00e9rir sa terre \u00bb.<\/p>\n\n\n\n<p>Le communiqu\u00e9 publi\u00e9 \u00e0 cet effet portait sur une \u00ab annulation du c\u00f4t\u00e9 festif du festival \u00bb, les organisateurs pr\u00e9cisant que la session va se d\u00e9rouler \u00ab avec la ferme conviction que l\u2019engagement des JCC en faveur d\u2019une Palestine libre passe aussi \u00e0 travers des projections de films, de d\u00e9bats et de rencontres \u00bb.<\/p>\n\n\n\n<p>La liste des films en comp\u00e9tition, toutes cat\u00e9gories confondues, avaient d\u00e9j\u00e0 \u00e9t\u00e9 d\u00e9voil\u00e9s, dont \u00ab Le mouton de Sada \u00bb du S\u00e9n\u00e9galais Pape Bounama Lopy.Les noms des pr\u00e9sidents des jurys avaient aussi \u00e9t\u00e9 d\u00e9voil\u00e9s. Il s\u2019agit du r\u00e9alisateur tchadien Mahamat Saleh Haroun pour la fiction et de la productrice tunisienne Dora Bouchoucha pour les documentaires.<\/p>\n\n\n\n<p>L\u2019affiche du festival, qui rendait hommage aux figures f\u00e9minines du cin\u00e9ma tunisien, avait \u00e9galement \u00e9t\u00e9 rendue publique.<\/p>\n\n\n\n<p>FKS\/BK\/MTN<\/p>\n","protected":false},"excerpt":{"rendered":"<p>Dakar, 20 oct (APS) \u2013 Le minist\u00e8re tunisien des Affaires culturelles a d\u00e9cid\u00e9 d\u2019annuler la 34\u00e8me \u00e9dition des Journ\u00e9es cin\u00e9matographiques<\/p>\n","protected":false},"author":1,"featured_media":23550,"comment_status":"open","ping_status":"open","sticky":false,"template":"","format":"standard","meta":{"footnotes":""},"categories":[21],"tags":[],"class_list":["post-23549","post","type-post","status-publish","format-standard","has-post-thumbnail","hentry","category-societe"],"_links":{"self":[{"href":"https:\/\/dekkbi.com\/index.php?rest_route=\/wp\/v2\/posts\/23549","targetHints":{"allow":["GET"]}}],"collection":[{"href":"https:\/\/dekkbi.com\/index.php?rest_route=\/wp\/v2\/posts"}],"about":[{"href":"https:\/\/dekkbi.com\/index.php?rest_route=\/wp\/v2\/types\/post"}],"author":[{"embeddable":true,"href":"https:\/\/dekkbi.com\/index.php?rest_route=\/wp\/v2\/users\/1"}],"replies":[{"embeddable":true,"href":"https:\/\/dekkbi.com\/index.php?rest_route=%2Fwp%2Fv2%2Fcomments&post=23549"}],"version-history":[{"count":1,"href":"https:\/\/dekkbi.com\/index.php?rest_route=\/wp\/v2\/posts\/23549\/revisions"}],"predecessor-version":[{"id":23551,"href":"https:\/\/dekkbi.com\/index.php?rest_route=\/wp\/v2\/posts\/23549\/revisions\/23551"}],"wp:featuredmedia":[{"embeddable":true,"href":"https:\/\/dekkbi.com\/index.php?rest_route=\/wp\/v2\/media\/23550"}],"wp:attachment":[{"href":"https:\/\/dekkbi.com\/index.php?rest_route=%2Fwp%2Fv2%2Fmedia&parent=23549"}],"wp:term":[{"taxonomy":"category","embeddable":true,"href":"https:\/\/dekkbi.com\/index.php?rest_route=%2Fwp%2Fv2%2Fcategories&post=23549"},{"taxonomy":"post_tag","embeddable":true,"href":"https:\/\/dekkbi.com\/index.php?rest_route=%2Fwp%2Fv2%2Ftags&post=23549"}],"curies":[{"name":"wp","href":"https:\/\/api.w.org\/{rel}","templated":true}]}}