{"id":23489,"date":"2023-10-19T10:23:54","date_gmt":"2023-10-19T10:23:54","guid":{"rendered":"https:\/\/dekkbi.com\/?p=23489"},"modified":"2023-10-19T10:23:54","modified_gmt":"2023-10-19T10:23:54","slug":"gerald-darmanin-denonce-le-soutien-de-benzema-a-gaza-un-lien-notoire-avec-les-freres-musulmans","status":"publish","type":"post","link":"https:\/\/dekkbi.com\/?p=23489","title":{"rendered":"G\u00e9rald Darmanin d\u00e9nonce le soutien de Benzema \u00e0 Gaza: \u201cUn lien notoire avec les Fr\u00e8res musulmans\u201d"},"content":{"rendered":"\n<p>Pour la premi\u00e8re fois, Karim Benzema s\u2019est exprim\u00e9 sur le conflit qui oppose le Hamas \u00e0 Isra\u00ebl. L\u2019ancien international fran\u00e7ais, Ballon d\u2019or 2022, a affich\u00e9 son soutien aux habitants de la bande de Gaza, dans un message publi\u00e9 sur les r\u00e9seaux sociaux. Une position aussit\u00f4t d\u00e9nonc\u00e9e par le ministre fran\u00e7ais de l\u2019Int\u00e9rieur, G\u00e9rald Darmanin.<\/p>\n\n\n\n<p>Une prise de position publique ouvertement d\u00e9nonc\u00e9e par G\u00e9rald Darmanin sur le plateau de la cha\u00eene CNews ce mardi soir. Questionn\u00e9 sur le sujet par Pascal Praud, le ministre fran\u00e7ais de l\u2019Int\u00e9rieur a d\u2019embl\u00e9e soulign\u00e9 \u201cle lien notoire\u201d du footballeur \u201cavec les Fr\u00e8res musulmans\u201d, une organisation islamiste sunnite et r\u00e9formiste n\u00e9e en \u00c9gypte en 1928 et consid\u00e9r\u00e9e dans de nombreux pays europ\u00e9ens, dont la France, comme \u201cterroriste\u201d. \u00c0 noter que le joueur \u00e9volue actuellement au club d\u2019Al-Ittihad, en Arabie saoudite, pays qui lui aussi classe l\u2019organisation dans cette cat\u00e9gorie depuis 2013.Ce lundi, sur la m\u00eame cha\u00eene, Nadine Morano, ancienne ministre de Nicolas Sarkozy, avait d\u00e9j\u00e0 accus\u00e9 Karim Benzema d\u2019\u00eatre un \u201cagent de propagande du Hamas\u201d et lui avait reproch\u00e9 de ne pas avoir manifest\u00e9 sa compassion pour les victimes isra\u00e9liennes lors de l\u2019offensive palestinienne initiale.<\/p>\n","protected":false},"excerpt":{"rendered":"<p>Pour la premi\u00e8re fois, Karim Benzema s\u2019est exprim\u00e9 sur le conflit qui oppose le Hamas \u00e0 Isra\u00ebl. L\u2019ancien international fran\u00e7ais,<\/p>\n","protected":false},"author":1,"featured_media":23490,"comment_status":"open","ping_status":"open","sticky":false,"template":"","format":"standard","meta":{"footnotes":""},"categories":[51],"tags":[],"class_list":["post-23489","post","type-post","status-publish","format-standard","has-post-thumbnail","hentry","category-general"],"_links":{"self":[{"href":"https:\/\/dekkbi.com\/index.php?rest_route=\/wp\/v2\/posts\/23489","targetHints":{"allow":["GET"]}}],"collection":[{"href":"https:\/\/dekkbi.com\/index.php?rest_route=\/wp\/v2\/posts"}],"about":[{"href":"https:\/\/dekkbi.com\/index.php?rest_route=\/wp\/v2\/types\/post"}],"author":[{"embeddable":true,"href":"https:\/\/dekkbi.com\/index.php?rest_route=\/wp\/v2\/users\/1"}],"replies":[{"embeddable":true,"href":"https:\/\/dekkbi.com\/index.php?rest_route=%2Fwp%2Fv2%2Fcomments&post=23489"}],"version-history":[{"count":1,"href":"https:\/\/dekkbi.com\/index.php?rest_route=\/wp\/v2\/posts\/23489\/revisions"}],"predecessor-version":[{"id":23491,"href":"https:\/\/dekkbi.com\/index.php?rest_route=\/wp\/v2\/posts\/23489\/revisions\/23491"}],"wp:featuredmedia":[{"embeddable":true,"href":"https:\/\/dekkbi.com\/index.php?rest_route=\/wp\/v2\/media\/23490"}],"wp:attachment":[{"href":"https:\/\/dekkbi.com\/index.php?rest_route=%2Fwp%2Fv2%2Fmedia&parent=23489"}],"wp:term":[{"taxonomy":"category","embeddable":true,"href":"https:\/\/dekkbi.com\/index.php?rest_route=%2Fwp%2Fv2%2Fcategories&post=23489"},{"taxonomy":"post_tag","embeddable":true,"href":"https:\/\/dekkbi.com\/index.php?rest_route=%2Fwp%2Fv2%2Ftags&post=23489"}],"curies":[{"name":"wp","href":"https:\/\/api.w.org\/{rel}","templated":true}]}}