{"id":23486,"date":"2023-10-19T10:18:44","date_gmt":"2023-10-19T10:18:44","guid":{"rendered":"https:\/\/dekkbi.com\/?p=23486"},"modified":"2023-10-19T10:18:45","modified_gmt":"2023-10-19T10:18:45","slug":"coree-du-nord-une-journaliste-russe-en-direct-de-pyongyang-une-premiere-depuis-la-pandemie","status":"publish","type":"post","link":"https:\/\/dekkbi.com\/?p=23486","title":{"rendered":"Cor\u00e9e du Nord: une journaliste russe en direct de Pyongyang, une premi\u00e8re depuis la pand\u00e9mie"},"content":{"rendered":"\n<p>Ce 19 octobre, au deuxi\u00e8me jour de sa visite en Cor\u00e9e du Nord, le ministre des Affaires \u00e9trang\u00e8res russe Sergue\u00ef Lavrov, va rencontrer son homologue pour \u00e9voquer la coop\u00e9ration renforc\u00e9e entre les deux pays. Une visite dans un contexte tendu alors que les accusations de livraisons d\u2019armes et de munitions nord-cor\u00e9ennes \u00e0 la Russie s&rsquo;intensifient. Et pour suivre ce voyage, une \u00e9quipe de t\u00e9l\u00e9vision russe a \u00e9t\u00e9 autoris\u00e9e en Cor\u00e9e du Nord. \u00a0Il s\u2019agit des premiers journalistes \u00e9trangers \u00e0 rentrer dans le pays depuis la pand\u00e9mie, et fait encore plus rare, ils ont effectu\u00e9 un direct depuis Pyongyang.<\/p>\n\n\n\n<p><em>Avec notre correspondant \u00e0 S\u00e9oul,<\/em>&nbsp;<strong>Nicolas Rocca<\/strong><\/p>\n\n\n\n<p>Lors des visites de dignitaires \u00e9trangers en Cor\u00e9e du Nord, la plupart des images sont diffus\u00e9es par les m\u00e9dias d\u2019\u00c9tat. Mais alors que le pays est ferm\u00e9 \u00e0 double tour depuis 2020, une \u00e9quipe de journalistes russes de la cha\u00eene&nbsp;<em>Rossiya 1<\/em>&nbsp;a pu \u00eatre en direct mercredi soir depuis le fameux h\u00f4tel Koryo, en plein c\u0153ur de Pyongyang.<\/p>\n\n\n\n<p>\u00ab\u00a0<em>Notre Olga Kobzeva est en direct de la capitale nord-cor\u00e9enne. Olga, c&rsquo;est un plaisir de vous voir. Quelle est la situation ?<\/em>\u00a0\u00bb, lui demande-t-on depuis Moscou. \u00ab\u00a0<em>Bonjour Zhenya ! Il s\u2019agit du premier direct de l\u2019Histoire depuis la R\u00e9publique d\u00e9mocratique de Cor\u00e9e<\/em>\u00a0\u00bb, r\u00e9pond-elle.<\/p>\n\n\n\n<h2 class=\"wp-block-heading\">Vanter le pays<\/h2>\n\n\n\n<p>Une affirmation quelque peu excessive, car \u00e0 plusieurs reprises, CNN \u00e9tait parvenu \u00e0 \u00eatre en direct, par exemple en 1998 par liaison satellite \u00e0 l\u2019occasion du 50\u1d49 anniversaire du pays. \u00ab&nbsp;<em>Mike Chinoy, de CNN, le seul journaliste occidental \u00e0 l\u2019int\u00e9rieur de la Cor\u00e9e du Nord pour couvrir l\u2019\u00e9v\u00e9nement, nous rejoint de Pyongyang.<\/em>&nbsp;\u00bb \u00ab&nbsp;<em>Bonjour Ralph !<\/em>&nbsp;\u00bb<\/p>\n\n\n\n<p>Vingt-cinq ans plus tard, le direct de la t\u00e9l\u00e9vision russe a pu \u00eatre r\u00e9alis\u00e9 par la connexion internet de l\u2019h\u00f4tel. \u00ab\u00a0<em>Nous sommes sortis dans la rue avec des cam\u00e9ras pour filmer les Nord-Cor\u00e9ens,<\/em>\u00a0raconte la journaliste russe.\u00a0<em>Ils n&rsquo;ont pas l&rsquo;air moroses, tristes, opprim\u00e9s, comme on a l&rsquo;habitude de le dire. Et personne ne nous a interdit de les filmer<\/em>. \u00bb<\/p>\n\n\n\n<p>RFI<\/p>\n","protected":false},"excerpt":{"rendered":"<p>Ce 19 octobre, au deuxi\u00e8me jour de sa visite en Cor\u00e9e du Nord, le ministre des Affaires \u00e9trang\u00e8res russe Sergue\u00ef<\/p>\n","protected":false},"author":1,"featured_media":23487,"comment_status":"open","ping_status":"open","sticky":false,"template":"","format":"standard","meta":{"footnotes":""},"categories":[51],"tags":[],"class_list":["post-23486","post","type-post","status-publish","format-standard","has-post-thumbnail","hentry","category-general"],"_links":{"self":[{"href":"https:\/\/dekkbi.com\/index.php?rest_route=\/wp\/v2\/posts\/23486","targetHints":{"allow":["GET"]}}],"collection":[{"href":"https:\/\/dekkbi.com\/index.php?rest_route=\/wp\/v2\/posts"}],"about":[{"href":"https:\/\/dekkbi.com\/index.php?rest_route=\/wp\/v2\/types\/post"}],"author":[{"embeddable":true,"href":"https:\/\/dekkbi.com\/index.php?rest_route=\/wp\/v2\/users\/1"}],"replies":[{"embeddable":true,"href":"https:\/\/dekkbi.com\/index.php?rest_route=%2Fwp%2Fv2%2Fcomments&post=23486"}],"version-history":[{"count":1,"href":"https:\/\/dekkbi.com\/index.php?rest_route=\/wp\/v2\/posts\/23486\/revisions"}],"predecessor-version":[{"id":23488,"href":"https:\/\/dekkbi.com\/index.php?rest_route=\/wp\/v2\/posts\/23486\/revisions\/23488"}],"wp:featuredmedia":[{"embeddable":true,"href":"https:\/\/dekkbi.com\/index.php?rest_route=\/wp\/v2\/media\/23487"}],"wp:attachment":[{"href":"https:\/\/dekkbi.com\/index.php?rest_route=%2Fwp%2Fv2%2Fmedia&parent=23486"}],"wp:term":[{"taxonomy":"category","embeddable":true,"href":"https:\/\/dekkbi.com\/index.php?rest_route=%2Fwp%2Fv2%2Fcategories&post=23486"},{"taxonomy":"post_tag","embeddable":true,"href":"https:\/\/dekkbi.com\/index.php?rest_route=%2Fwp%2Fv2%2Ftags&post=23486"}],"curies":[{"name":"wp","href":"https:\/\/api.w.org\/{rel}","templated":true}]}}