{"id":23442,"date":"2023-10-17T09:30:50","date_gmt":"2023-10-17T09:30:50","guid":{"rendered":"https:\/\/dekkbi.com\/?p=23442"},"modified":"2023-10-17T09:30:51","modified_gmt":"2023-10-17T09:30:51","slug":"appel-2024-la-communaute-layene-reclame-au-gouvernement-un-bon-assainissement-de-la-commune-de-yoff","status":"publish","type":"post","link":"https:\/\/dekkbi.com\/?p=23442","title":{"rendered":"Appel 2024: La communaut\u00e9 lay\u00e8ne r\u00e9clame au gouvernement un bon assainissement de la commune de Yoff"},"content":{"rendered":"\n<p>Issa Laye, le porte-parole du khalife des lay\u00e8nes, a demand\u00e9 au Premier ministre, Amadou Ba, dimanche, \u00e0 Dakar, de veiller \u00e0 un bon assainissement de la commune d\u2019arrondissement de Yoff en pr\u00e9lude \u00e0 la prochaine \u00e9dition de l\u2019Appel de Seydina Limamou Lahi.\u2018\u2019Nous sommes \u00e0 quelques mois de la c\u00e9l\u00e9bration de l\u2019Appel de Seydina Limamou Lahi. Nous voulons un bon assainissement de la ville de Yoff, pour que cet \u00e9v\u00e9nement puisse se tenir dans un cadre de vie id\u00e9al\u2019\u2019, a-t-il dit.Issa Laye a fait ce plaidoyer lors d\u2019une visite effectu\u00e9e aupr\u00e8s du khalife des lay\u00e8nes, Seydina Mouhamadou Makhtar Lahi, par le Premier ministre et d\u2019autres personnalit\u00e9s, dont Abdoulaye Diouf Sarr, ancien maire de Yoff.Le porte-parole du khalife et pr\u00e9sident du comit\u00e9 gestion de la grande mosqu\u00e9e des lay\u00e8nes, a souhait\u00e9 aussi la construction d\u2019un commissariat de police \u00e0 Yoff.Il a r\u00e9clam\u00e9 au chef du gouvernement le pavage des rues de Yoff en vue de l\u2019am\u00e9lioration du cadre de vie de cette commune d\u2019arrondissement o\u00f9 est c\u00e9l\u00e9br\u00e9 l\u2019Appel des lay\u00e8nes, un p\u00e8lerinage annuel auquel prennent part des milliers de musulmans.Issa Laye souhaite en m\u00eame temps que l\u2019\u00c9tat vienne en aide \u00e0 l\u2019institut islamique de la communaut\u00e9 lay\u00e8ne, pour faciliter l\u2019enseignement du Coran \u00e0 Yoff.Il a demand\u00e9 aux pouvoirs publics, par l\u2019interm\u00e9diaire du Premier ministre, d\u2019aider les femmes de Yoff \u00e0 d\u00e9rouler leurs activit\u00e9s \u00e9conomiques et d\u2019octroyer davantage de bourses d\u2019\u00e9tudes aux \u00e9tudiants en provenance de cette commune d\u2019arrondissement.Amadou Ba a promis de prendre les mesures n\u00e9cessaires en vue de la satisfaction des besoins exprim\u00e9s par les lay\u00e8nes.Des techniciens seront envoy\u00e9s \u00e0 Yoff, dans un bref d\u00e9lai, pour identifier les causes de l\u2019arr\u00eat de travaux publics entam\u00e9s dans cette commune, a assur\u00e9 M. Ba<\/p>\n\n\n\n<p>APS<\/p>\n\n\n\n<p><\/p>\n\n\n\n<p><\/p>\n","protected":false},"excerpt":{"rendered":"<p>Issa Laye, le porte-parole du khalife des lay\u00e8nes, a demand\u00e9 au Premier ministre, Amadou Ba, dimanche, \u00e0 Dakar, de veiller<\/p>\n","protected":false},"author":1,"featured_media":23443,"comment_status":"open","ping_status":"open","sticky":false,"template":"","format":"standard","meta":{"footnotes":""},"categories":[21],"tags":[],"class_list":["post-23442","post","type-post","status-publish","format-standard","has-post-thumbnail","hentry","category-societe"],"_links":{"self":[{"href":"https:\/\/dekkbi.com\/index.php?rest_route=\/wp\/v2\/posts\/23442","targetHints":{"allow":["GET"]}}],"collection":[{"href":"https:\/\/dekkbi.com\/index.php?rest_route=\/wp\/v2\/posts"}],"about":[{"href":"https:\/\/dekkbi.com\/index.php?rest_route=\/wp\/v2\/types\/post"}],"author":[{"embeddable":true,"href":"https:\/\/dekkbi.com\/index.php?rest_route=\/wp\/v2\/users\/1"}],"replies":[{"embeddable":true,"href":"https:\/\/dekkbi.com\/index.php?rest_route=%2Fwp%2Fv2%2Fcomments&post=23442"}],"version-history":[{"count":1,"href":"https:\/\/dekkbi.com\/index.php?rest_route=\/wp\/v2\/posts\/23442\/revisions"}],"predecessor-version":[{"id":23444,"href":"https:\/\/dekkbi.com\/index.php?rest_route=\/wp\/v2\/posts\/23442\/revisions\/23444"}],"wp:featuredmedia":[{"embeddable":true,"href":"https:\/\/dekkbi.com\/index.php?rest_route=\/wp\/v2\/media\/23443"}],"wp:attachment":[{"href":"https:\/\/dekkbi.com\/index.php?rest_route=%2Fwp%2Fv2%2Fmedia&parent=23442"}],"wp:term":[{"taxonomy":"category","embeddable":true,"href":"https:\/\/dekkbi.com\/index.php?rest_route=%2Fwp%2Fv2%2Fcategories&post=23442"},{"taxonomy":"post_tag","embeddable":true,"href":"https:\/\/dekkbi.com\/index.php?rest_route=%2Fwp%2Fv2%2Ftags&post=23442"}],"curies":[{"name":"wp","href":"https:\/\/api.w.org\/{rel}","templated":true}]}}