{"id":23228,"date":"2023-10-11T11:55:07","date_gmt":"2023-10-11T11:55:07","guid":{"rendered":"https:\/\/dekkbi.com\/?p=23228"},"modified":"2023-10-11T11:55:08","modified_gmt":"2023-10-11T11:55:08","slug":"france-interdiction-de-laide-alimentaire-dans-un-quartier-du-nord-de-paris","status":"publish","type":"post","link":"https:\/\/dekkbi.com\/?p=23228","title":{"rendered":"France: interdiction de l&rsquo;aide alimentaire dans un quartier du nord de Paris"},"content":{"rendered":"\n<p>Les distributions alimentaires sont interdites depuis ce mardi 10 octobre dans un quartier populaire de Paris o\u00f9 se concentrent migrants et sans-abri. Une d\u00e9cision \u00ab<em>\u00a0inacceptable\u00a0<\/em>\u00bb qui va frapper les plus d\u00e9munis, d\u00e9plorent les associations, qui voient dans cette d\u00e9cision l&#8217;empreinte des exp\u00e9riences men\u00e9es \u00e0 Calais.<\/p>\n\n\n\n<p>L&rsquo;arr\u00eat\u00e9 sign\u00e9 lundi par le pr\u00e9fet de police de Paris, Laurent Nu\u00f1ez, pr\u00e9voit une \u00ab&nbsp;<em>interdiction des distributions alimentaires<\/em>&nbsp;\u00bb pendant un mois, entre le 10 octobre et le 10 novembre, sur un secteur \u00ab&nbsp;<em>d\u00e9limit\u00e9&nbsp;<\/em>\u00bb des Xe et XIXe arrondissements, concernant neuf art\u00e8res dans le quartier populaire autour des m\u00e9tros Stalingrad et Jaur\u00e8s.<\/p>\n\n\n\n<p>C&rsquo;est l\u00e0, selon la pr\u00e9fecture de police (PP), \u00ab&nbsp;<em>que ces distributions alimentaires engendrent, par leur caract\u00e8re r\u00e9current, une augmentation de la population b\u00e9n\u00e9ficiaire de ces op\u00e9rations et qu&rsquo;elles contribuent, en corollaire, \u00e0 stimuler la formation de campements dans le secteur du boulevard de la Villette, o\u00f9 se retrouvent des migrants, des personnes drogu\u00e9es et des sans-domicile fixe<\/em>&nbsp;\u00bb.<\/p>\n\n\n\n<p><\/p>\n\n\n\n<p>Le quartier, argumente la pr\u00e9fecture de police, est devenu \u00ab<em>&nbsp;un point de fixation pour de tels campements<\/em>&nbsp;\u00bb. Mardi \u00e9galement, la pr\u00e9fecture de la r\u00e9gion d&rsquo;Ile-de-France et la PP ont annonc\u00e9 avoir proc\u00e9d\u00e9 dans la matin\u00e9e \u00e0 la \u00ab&nbsp;<em>mise \u00e0 l&rsquo;abri&nbsp;<\/em>\u00bb de 398 personnes dormant \u00e0 la rue sur ce m\u00eame boulevard de la Villette. Il s&rsquo;agissait majoritairement d&rsquo;Afghans, selon les autorit\u00e9s.<\/p>\n\n\n\n<p>Ces autorit\u00e9s ont promis des \u00ab&nbsp;<em>actions&nbsp;<\/em>\u00bb \u00e0 venir, dont ces interdictions de distributions alimentaires, \u00ab<em>&nbsp;pour \u00e9viter toute r\u00e9implantation<\/em>&nbsp;\u00bb. Sur place, pr\u00e9cise la pr\u00e9fecture, les \u00ab&nbsp;<em>attroupements<\/em>&nbsp;\u00bb, les \u00ab&nbsp;<em>d\u00e9bordements sur la voirie&nbsp;<\/em>\u00bb, certaines \u00e9chauffour\u00e9es ainsi que la pr\u00e9sence de \u00ab&nbsp;<em>toxicomanes<\/em>&nbsp;\u00bb ont conduit \u00ab&nbsp;<em>pour la premi\u00e8re fois<\/em>&nbsp;\u00bb le pr\u00e9fet de police \u00e0 prendre un tel arr\u00eat\u00e9 sur ce secteur parisien en raison de \u00ab<em>&nbsp;troubles \u00e0 l&rsquo;ordre public<\/em>&nbsp;\u00bb.<\/p>\n\n\n\n<h2 class=\"wp-block-heading\">\u00ab&nbsp;<em>On complique la vie des associations et des gens<\/em>&nbsp;\u00bb<\/h2>\n\n\n\n<p>Pourtant, il n&rsquo;y a \u00ab<em>&nbsp;jamais eu d&rsquo;incidents sur nos sites de distribution&nbsp;<\/em>\u00bb, conteste Philippe Caro, un responsable du collectif Solidarit\u00e9 Migrants Wilson, l&rsquo;une des organisations dont l&rsquo;action est vis\u00e9e.<\/p>\n\n\n\n<p><\/p>\n\n\n\n<p>\u00ab\u00a0<em>On complique la vie des associations et des gens, sans jamais r\u00e9soudre leurs probl\u00e8mes. On va juste le d\u00e9placer, mais avec les\u00a0<strong>Jeux olympiques<\/strong>\u00a0qui arrivent, on sent que la pression monte et l\u00e0 les toxicomanes vont servir de pr\u00e9texte pour virer tout le monde<\/em>\u00a0\u00bb du nord de Paris, estime-t-il.<\/p>\n\n\n\n<p>Samuel Coppens, porte-parole de l&rsquo;association l&rsquo;Arm\u00e9e du salut, craint qu\u2019une fois de plus, \u00ab<em>&nbsp;les personnes en pauvret\u00e9 souffrent de cette situation<\/em>&nbsp;\u00bb et qu\u2019elles doivent encore se d\u00e9placer. Samuel Coppens pointe \u00e9videmment la situation des migrants qui se retrouvent souvent dans cette partie des Xe et XIXe&nbsp;arrondissement.<\/p>\n\n\n\n<p>\u00ab<em>&nbsp;Pour nous, associations humanitaires, une personne qui a faim est une personne qui a faim, donc nous devons et nous continuerons de servir ces personnes<\/em>, dit-il.&nbsp;<em>Je pense qu\u2019il est de plus en plus difficile aujourd\u2019hui d\u2019\u00eatre acteur de solidarit\u00e9 et \u00e7a, c\u2019est quelque chose qui me fait mal alors que nous poursuivons depuis tant d\u2019ann\u00e9es la fraternit\u00e9, que nous voulons v\u00e9ritablement penser que l\u2019autre n\u2019est pas un ennemi, quel qu\u2019il soit, mais quelqu\u2019un qui s\u2019il a besoin, que nous devons servir. De toute fa\u00e7on, les gens sont l\u00e0, donc, faisons avec et faisons en sorte de les rencontrer et de les conna\u00eetre.&nbsp;\u00bb&nbsp;<\/em>\u00ab&nbsp;<em>Je pense que c\u2019est la meilleure arme contre la menace et la m\u00e9fiance qu\u2019ils imposeraient soi-disant \u00e0 l\u2019autre<\/em>&nbsp;\u00bb, poursuit-il.<\/p>\n\n\n\n<p>Pour l&rsquo;association, l&rsquo;\u00c9tat applique \u00e0 Paris \u00ab&nbsp;<em>le m\u00eame sch\u00e9ma qu&rsquo;\u00e0 Calais<\/em>&nbsp;\u00bb, o\u00f9 des arr\u00eat\u00e9s similaires &#8211; mais avec des zones plus larges &#8211; sont pris r\u00e9guli\u00e8rement depuis 2020. \u00c0 l&rsquo;\u00e9poque, les d\u00e9fenseurs des immigr\u00e9s avaient d\u00e9j\u00e0 port\u00e9 l&rsquo;affaire jusqu&rsquo;\u00e0 la plus haute juridiction administrative, mais le Conseil d&rsquo;\u00c9tat avait refus\u00e9 de retoquer la d\u00e9cision.<\/p>\n\n\n\n<p>Les associations, qui se sont r\u00e9unies mardi, \u00e9tudient la possibilit\u00e9 d&rsquo;un recours en justice. \u00ab&nbsp;<em>Juridiquement, l&rsquo;interdiction tient peut-\u00eatre<\/em>&nbsp;\u00bb, anticipe Philippe Caro, de Solidarit\u00e9 Migrants Wilson. \u00ab&nbsp;<em>Mais humainement, c&rsquo;est inacceptable&nbsp;<\/em>\u00bb.<\/p>\n","protected":false},"excerpt":{"rendered":"<p>Les distributions alimentaires sont interdites depuis ce mardi 10 octobre dans un quartier populaire de Paris o\u00f9 se concentrent migrants<\/p>\n","protected":false},"author":1,"featured_media":23229,"comment_status":"open","ping_status":"open","sticky":false,"template":"","format":"standard","meta":{"footnotes":""},"categories":[26],"tags":[],"class_list":["post-23228","post","type-post","status-publish","format-standard","has-post-thumbnail","hentry","category-fait-divers"],"_links":{"self":[{"href":"https:\/\/dekkbi.com\/index.php?rest_route=\/wp\/v2\/posts\/23228","targetHints":{"allow":["GET"]}}],"collection":[{"href":"https:\/\/dekkbi.com\/index.php?rest_route=\/wp\/v2\/posts"}],"about":[{"href":"https:\/\/dekkbi.com\/index.php?rest_route=\/wp\/v2\/types\/post"}],"author":[{"embeddable":true,"href":"https:\/\/dekkbi.com\/index.php?rest_route=\/wp\/v2\/users\/1"}],"replies":[{"embeddable":true,"href":"https:\/\/dekkbi.com\/index.php?rest_route=%2Fwp%2Fv2%2Fcomments&post=23228"}],"version-history":[{"count":1,"href":"https:\/\/dekkbi.com\/index.php?rest_route=\/wp\/v2\/posts\/23228\/revisions"}],"predecessor-version":[{"id":23230,"href":"https:\/\/dekkbi.com\/index.php?rest_route=\/wp\/v2\/posts\/23228\/revisions\/23230"}],"wp:featuredmedia":[{"embeddable":true,"href":"https:\/\/dekkbi.com\/index.php?rest_route=\/wp\/v2\/media\/23229"}],"wp:attachment":[{"href":"https:\/\/dekkbi.com\/index.php?rest_route=%2Fwp%2Fv2%2Fmedia&parent=23228"}],"wp:term":[{"taxonomy":"category","embeddable":true,"href":"https:\/\/dekkbi.com\/index.php?rest_route=%2Fwp%2Fv2%2Fcategories&post=23228"},{"taxonomy":"post_tag","embeddable":true,"href":"https:\/\/dekkbi.com\/index.php?rest_route=%2Fwp%2Fv2%2Ftags&post=23228"}],"curies":[{"name":"wp","href":"https:\/\/api.w.org\/{rel}","templated":true}]}}