{"id":23217,"date":"2023-10-11T11:40:34","date_gmt":"2023-10-11T11:40:34","guid":{"rendered":"https:\/\/dekkbi.com\/?p=23217"},"modified":"2023-10-11T11:43:06","modified_gmt":"2023-10-11T11:43:06","slug":"legislatives-en-pologne-lextreme-droite-se-reve-en-faiseuse-de-roi","status":"publish","type":"post","link":"https:\/\/dekkbi.com\/?p=23217","title":{"rendered":"L\u00e9gislatives en Pologne: l\u2019extr\u00eame droite se r\u00eave en faiseuse de roi"},"content":{"rendered":"\n<p>Troisi\u00e8me force politique dans les sondages il y a encore quelques semaines, la formation ultranationaliste Konfederacja (Conf\u00e9d\u00e9ration) est en perte de vitesse \u00e0 l\u2019approche des l\u00e9gislatives du 15 octobre en Pologne. Mais elle croit toujours en ses chances de chambouler l\u2019\u00e9chiquier politique.<\/p>\n\n\n\n<p><em>De notre envoy\u00e9 sp\u00e9cial \u00e0 Varsovie,<\/em><\/p>\n\n\n\n<p>Celui qui s\u2019attendait \u00e0 une ambiance survolt\u00e9e en p\u00e9n\u00e9trant dans le si\u00e8ge de Conf\u00e9d\u00e9ration en sera pour ses frais. \u00c0 cinq jours des&nbsp;<strong><a href=\"https:\/\/www.rfi.fr\/fr\/europe\/20230909-pologne-la-cruciale-campagne-des-l%C3%A9gislatives-officiellement-lanc%C3%A9e\">\u00e9lections l\u00e9gislatives<\/a><\/strong>, le calme le plus total r\u00e8gne au dernier \u00e9tage de l\u2019immeuble du centre de Varsovie o\u00f9 la formation d\u2019extr\u00eame droite a \u00e9tabli ses quartiers. \u00c0 l\u2019accueil, deux employ\u00e9s consultent en silence leur \u00e9cran d\u2019ordinateur, tandis que dans une pi\u00e8ce voisine, une jeune femme pianote tranquillement sur celui de son portable. Une atmosph\u00e8re bien sage qui tranche avec celle des meetings aux allures de&nbsp;<em>one-man-show<\/em>, o\u00f9 le parti \u00e9lectrise ses sympathisants \u00e0 grand renfort d&rsquo;effets pyrotechniques et de hard-rock.<\/p>\n\n\n\n<p>\u00ab&nbsp;<em>C\u2019est parce que tout se passe sur le terrain maintenant<\/em>&nbsp;\u00bb, justifie Marek Szewczyk, candidat dans la r\u00e9gion de Sieradz. Donn\u00e9e \u00e0 15% dans les sondages il y a encore quelques semaines, la formation ultranationaliste tourne d\u00e9sormais autour des 9%, juste derri\u00e8re les centristes de Troisi\u00e8me voie et la Nouvelle gauche. Mais rien n\u2019est encore jou\u00e9. Alors ses deux dirigeants ont pr\u00e9vu de sillonner le pays, l\u2019un \u00e0 bord d\u2019un \u00ab camion de la libert\u00e9 \u00bb, l\u2019autre en h\u00e9licopt\u00e8re, pour mobiliser les ind\u00e9cis. \u00ab&nbsp;<em>Nous pouvons d\u00e9crocher la troisi\u00e8me place, nous pouvons \u00eatre les faiseurs de roi<\/em>&nbsp;\u00bb, veut croire Marek Szewczyk.&nbsp;<\/p>\n\n\n\n<h2 class=\"wp-block-heading\">Lifting<\/h2>\n\n\n\n<p>Jeune, avenant, le candidat incarne le nouveau visage de cette formation n\u00e9e en 2019 du mariage de trois partis : les lib\u00e9raux conservateurs de KORWiN (rebaptis\u00e9 Nouvel espoir) ; les ultranationalistes du Mouvement national ; et les ultraconservateurs de la Conf\u00e9d\u00e9ration de la couronne. Dirig\u00e9s par des vieux routiers de la sc\u00e8ne politique, les trois mouvements partagent les m\u00eames positions ultraconservatrices, eurosceptiques, x\u00e9nophobes et ultralib\u00e9rales sur le plan \u00e9conomique. La greffe prend aussit\u00f4t. Conf\u00e9d\u00e9ration r\u00e9colte 6,8% des voix aux l\u00e9gislatives et envoie onze d\u00e9put\u00e9s \u00e0 la Di\u00e8te.<\/p>\n\n\n\n<p>Elle s\u2019est offert un lifting en f\u00e9vrier dernier en pla\u00e7ant \u00e0 sa t\u00eate deux trentenaires \u00e0 l&rsquo;allure proprette : Slawomir Mentzen et Krzystztof Bosak. Le premier, titulaire d&rsquo;un doctorat en \u00e9conomie, dirige son propre cabinet de conseil en fiscalit\u00e9 et poss\u00e8de une brasserie artisanale. Le second, issu d&rsquo;un mouvement de jeunes nationalistes et d\u00e9put\u00e9 d\u00e8s l&rsquo;\u00e2ge de 23 ans, est un pur politique.<\/p>\n\n\n\n<p>Les visages ont chang\u00e9, pas les id\u00e9es. La formation continue de d\u00e9fendre l&rsquo;interdiction de l\u2019IVG, s\u2019oppose au mariage homosexuel, et pr\u00f4ne le r\u00e9tablissement de la peine de mort. Mais elle s&#8217;emploie \u00e0 masquer ces positions clivantes derri\u00e8re un slogan consensuel \u2013 \u00ab une maison, une pelouse, un barbecue, deux voitures, des vacances \u00bb \u2013 qui ferait presque oublier un discours prononc\u00e9 en mars 2019 par Slawomir Mentzen dans lequel il disait ne pas vouloir de \u00ab&nbsp;<em>juifs, d&rsquo;homosexuels, d&rsquo;avortement, d&rsquo;imp\u00f4ts et d&rsquo;Union europ\u00e9enne<\/em>&nbsp;\u00bb.&nbsp;<\/p>\n\n\n\n<p>Alors que la Pologne est confront\u00e9e \u00e0 une inflation galopante, Conf\u00e9d\u00e9ration met d\u00e9sormais l&rsquo;accent sur les questions \u00e9conomiques. Elle souhaite supprimer quinze taxes, n\u2019appliquer l\u2019imp\u00f4t sur le revenu qu\u2019\u00e0 partir de douze fois le salaire minimum, mettre fin aux treizi\u00e8me et quatorzi\u00e8me mois de retraite, rendre au pays sa souverainet\u00e9 \u00e9nerg\u00e9tique en encourageant l\u2019exploitation du charbon polonais et en s\u2019opposant aux programmes europ\u00e9ens de r\u00e9duction des \u00e9missions de CO2. Sa cible : la jeunesse, entrepreneuriale et rurale, qu\u2019elle estime malmen\u00e9e. \u00ab&nbsp;<em>L&rsquo;entrepreneuriat en Pologne est aujourd&rsquo;hui d\u00e9consid\u00e9r\u00e9. Il est soumis \u00e0 un matraquage fiscal, alors que c&rsquo;est gr\u00e2ce aux petites et moyennes entreprises que la croissance polonaise est l&rsquo;une des plus fortes en Europe<\/em>&nbsp;\u00bb, confirme depuis Paris Krzysztof Soloch, professeur \u00e0 l&rsquo;universit\u00e9 Panth\u00e9on-Sorbonne, sp\u00e9cialiste de l&rsquo;Europe centrale.<\/p>\n\n\n\n<h2 class=\"wp-block-heading\">Un risque de scission ?<\/h2>\n\n\n\n<p><\/p>\n\n\n\n<p>Signe de son rajeunissement, c&rsquo;est sur TikTok et Instagram que Conf\u00e9d\u00e9ration fait passer ses messages. Slawomir Mentzen totalise plus de 1,1 million d&rsquo;abonn\u00e9s sur ses comptes qu&rsquo;il gave quotidiennement de vid\u00e9os tourn\u00e9es face cam\u00e9ra, dans lesquelles il critique d\u2019un ton amus\u00e9 la politique gouvernementale, les partis traditionnels ou le traitement m\u00e9diatique dont sa formation fait l\u2019objet.&nbsp;\u00ab&nbsp;<em>\u00c7a n\u2019arrange pas nos concurrents qui ne ma\u00eetrisent pas les codes de ces r\u00e9seaux sociaux,<\/em>&nbsp;se moque Marek Szewczyk.&nbsp;<em>Ils pratiquent un humour \u00e0 c\u00f4t\u00e9 de la plaque.<\/em>&nbsp;\u00bb<\/p>\n\n\n\n<p>En t\u00eate des intentions de vote mais talonn\u00e9 par la coalition d\u2019opposition de\u00a0<strong>Donald Tusk<\/strong>, le parti Droit et justice (PiS) au pouvoir a tent\u00e9 ces derni\u00e8res semaines de reprendre \u00e0 son compte le discours farouchement anti-ukrainien de Conf\u00e9d\u00e9ration. Au soir des r\u00e9sultats, c\u2019est vers elle qu\u2019il pourrait se tourner pour former un gouvernement. Hormis les sujets \u00e9conomiques \u2013 le PiS est tr\u00e8s attach\u00e9 aux d\u00e9penses sociales \u2013, presque tout les rassemble. Nombre d\u2019observateurs consid\u00e8rent d\u2019ailleurs que les d\u00e9put\u00e9s d\u2019extr\u00eame droite auront du mal \u00e0 ne pas se laisser tenter par des fonctions minist\u00e9rielles. \u00ab\u00a0<em>Si le 16 au matin, le PiS parvient \u00e0 avoir la majorit\u00e9 avec Conf\u00e9d\u00e9ration, il y aura aussit\u00f4t des transferts,<\/em>\u00a0pr\u00e9dit Krzysztof Soloch.\u00a0<em>Le PiS a depuis 2015 l&rsquo;habitude d&rsquo;acheter des d\u00e9put\u00e9s en leur offrant des postes, \u00e0 eux et \u00e0 leurs proches. Le parti est tr\u00e8s g\u00e9n\u00e9reux avec ceux qui acceptent de le rejoindre.<\/em>\u00a0\u00bb<\/p>\n\n\n\n<p>La formation ultranationaliste rejette formellement cette \u00e9ventualit\u00e9. Elle esp\u00e8re ainsi voir se former un gouvernement minoritaire qui lui permettrait de peser lors de l\u2019examen des lois, et \u00e0 terme des \u00e9lections anticip\u00e9es o\u00f9 elle se pr\u00e9senterait en position de force. Dans tous les cas, elle ne se dit pas press\u00e9e. \u00ab&nbsp;<em>On est une formation jeune,<\/em>&nbsp;conclut Marek Szewczyk.&nbsp;<em>On a le temps.<\/em>&nbsp;\u00bb<\/p>\n","protected":false},"excerpt":{"rendered":"<p>Troisi\u00e8me force politique dans les sondages il y a encore quelques semaines, la formation ultranationaliste Konfederacja (Conf\u00e9d\u00e9ration) est en perte<\/p>\n","protected":false},"author":1,"featured_media":23218,"comment_status":"open","ping_status":"open","sticky":false,"template":"","format":"standard","meta":{"footnotes":""},"categories":[51],"tags":[],"class_list":["post-23217","post","type-post","status-publish","format-standard","has-post-thumbnail","hentry","category-general"],"_links":{"self":[{"href":"https:\/\/dekkbi.com\/index.php?rest_route=\/wp\/v2\/posts\/23217","targetHints":{"allow":["GET"]}}],"collection":[{"href":"https:\/\/dekkbi.com\/index.php?rest_route=\/wp\/v2\/posts"}],"about":[{"href":"https:\/\/dekkbi.com\/index.php?rest_route=\/wp\/v2\/types\/post"}],"author":[{"embeddable":true,"href":"https:\/\/dekkbi.com\/index.php?rest_route=\/wp\/v2\/users\/1"}],"replies":[{"embeddable":true,"href":"https:\/\/dekkbi.com\/index.php?rest_route=%2Fwp%2Fv2%2Fcomments&post=23217"}],"version-history":[{"count":2,"href":"https:\/\/dekkbi.com\/index.php?rest_route=\/wp\/v2\/posts\/23217\/revisions"}],"predecessor-version":[{"id":23221,"href":"https:\/\/dekkbi.com\/index.php?rest_route=\/wp\/v2\/posts\/23217\/revisions\/23221"}],"wp:featuredmedia":[{"embeddable":true,"href":"https:\/\/dekkbi.com\/index.php?rest_route=\/wp\/v2\/media\/23218"}],"wp:attachment":[{"href":"https:\/\/dekkbi.com\/index.php?rest_route=%2Fwp%2Fv2%2Fmedia&parent=23217"}],"wp:term":[{"taxonomy":"category","embeddable":true,"href":"https:\/\/dekkbi.com\/index.php?rest_route=%2Fwp%2Fv2%2Fcategories&post=23217"},{"taxonomy":"post_tag","embeddable":true,"href":"https:\/\/dekkbi.com\/index.php?rest_route=%2Fwp%2Fv2%2Ftags&post=23217"}],"curies":[{"name":"wp","href":"https:\/\/api.w.org\/{rel}","templated":true}]}}