{"id":23211,"date":"2023-10-11T11:34:35","date_gmt":"2023-10-11T11:34:35","guid":{"rendered":"https:\/\/dekkbi.com\/?p=23211"},"modified":"2023-10-11T11:34:39","modified_gmt":"2023-10-11T11:34:39","slug":"journee-mondiale-de-la-deficience-mentale-les-personnes-souffrant-de-maladie-mentale-laissees-a-leur-sort","status":"publish","type":"post","link":"https:\/\/dekkbi.com\/?p=23211","title":{"rendered":"Journ\u00e9e mondiale de la D\u00e9ficience mentale : Les personnes souffrant de maladie mentale laiss\u00e9es \u00e0 leur sort"},"content":{"rendered":"\n<h3 class=\"wp-block-heading\">La journ\u00e9e mondiale de la maladie mentale, a \u00e9t\u00e9 c\u00e9l\u00e9br\u00e9e hier dans le monde entier. A cette occasion, le pr\u00e9sident du centre Delossi, Hamet Daf, se d\u00e9sole du fait que les malades mentaux ne b\u00e9n\u00e9ficient d\u2019aucune assistance du minist\u00e8re de la Sant\u00e9 et de l&rsquo;Action sociale.<\/h3>\n\n\n\n<p>Le pr\u00e9sident du centre Delossi sis \u00e0 Rufisque, Hamet Daf, explique que l\u2019objectif dudit centre est de ramener les d\u00e9ficients mentaux dans les maisons et faire de sorte qu&rsquo;ils gu\u00e9rissent.<\/p>\n\n\n\n<p>\u00ab<em>Car, la rue n&rsquo;est une demeure pour personne, surtout les individus atteints de d\u00e9ficit mental. Nous voulons aussi revendiquer leurs droits. C&rsquo;est pourquoi nous privil\u00e9gions les d\u00e9ficients mentaux qui sont dans la rue et dont les parents ne sont pas identifi\u00e9s. Souvent, ce sont des orphelins ou des personnes qu&rsquo;on a abandonn\u00e9s. La plupart de ces d\u00e9ficients mentaux, nous les avons r\u00e9cup\u00e9r\u00e9s \u00e0 la police ou chez les sapeurs-pompiers. Il y a aussi ceux que nous avons r\u00e9cup\u00e9r\u00e9s dans la rue<\/em>\u00bb, dit-il.<\/p>\n\n\n\n<p>\u00ab&nbsp;<em>Des fois, ce sont les familles qui contactent le centre pour prendre en charge un malade. Dans ce cas de figure, nous essayons de voir l&rsquo;int\u00e9r\u00eat sup\u00e9rieur de l&rsquo;individu concern\u00e9. Car au d\u00e9but, nous \u00e9tions capables de r\u00e9cup\u00e9rer tout le monde. Mais depuis un certain temps, nos capacit\u00e9s d&rsquo;accueil sont limit\u00e9es. Car la prise en charge est volontaire, donc gratuite. Mais il ne sert \u00e0 rien de regrouper des personnes dans un centre, sans avoir les capacit\u00e9s de les prendre tous en charge<\/em>\u00bb, a-t-il fait savoir.<\/p>\n\n\n\n<p>Le centre qui prend en charge des jeunes, des femmes et des personnes d&rsquo;un \u00e2ge avanc\u00e9, privil\u00e9gie depuis un certain temps, les femmes vivant avec un handicap mental et celles en \u00e9tat de grossesse.<\/p>\n\n\n\n<p>\u00ab<em>Si elles accouchent, nous pla\u00e7ons l&rsquo;enfant dans un orphelinat. Ce n&rsquo;est pas une adoption brute. Nous faisons de sorte que l&rsquo;enfant puisse souvent voir sa maman. La plupart des cas, ce sont des victimes de viol. Car il est difficile pour cette femme vivant avec un handicap mental, de dire, avec certitude, le p\u00e8re de son enfant. Si le d\u00e9ficient mental arrive \u00e0 recouvrer ses facult\u00e9s mentales, nous essayons d&rsquo;entrer en contact avec sa famille. Mais nous lui offrons aussi le choix de rester dans le centre ou de retrouver sa famille. Pour les mineurs, ils sont r\u00e9cup\u00e9r\u00e9s d&rsquo;office<\/em>\u00bb, pr\u00e9cise Hamet Daf.<\/p>\n\n\n\n<p>Il invite la population \u00e0 s\u2019approcher des malades errants et non de les fuir, car ils ne sont pas aussi dangereux qu\u2019on le pense. Hamet Daf lance une campagne de sensibilisation, afin d\u2019inciter les parents des malades \u00e0 les amener \u00e0 l\u2019h\u00f4pital et non \u00e0 les abandonner. Le centre Delossi travaille de fa\u00e7on b\u00e9n\u00e9vole, sans une aide du minist\u00e8re de la Sant\u00e9 et de l\u2019Action sociale.<\/p>\n\n\n\n<p>\u00ab<em>Pour l\u2019instant, nous n\u2019avons que l\u2019accompagnement moral au niveau du minist\u00e8re de la Sant\u00e9 et de l\u2019Action sociale. Les malades mentaux sont laiss\u00e9s en rade aussi bien par la population que par le minist\u00e8re de tutelle<\/em>\u00bb, fustige le philanthrope. En cette journ\u00e9e mondiale de la sant\u00e9 mentale, une causerie avec le psychiatre Dr. Coulibaly de Thiaroye et Serigne Thiam, enseignant-chercheur \u00e0 l\u2019universit\u00e9 Cheikh Anta Diop, est pr\u00e9vue ce jour, au centre D\u00e9lossi de Rufisque. A noter qu\u2019il y a 35 psychiatres pour 17 millions de S\u00e9n\u00e9galais.<\/p>\n\n\n\n<p><br>L\u2019As<br><\/p>\n","protected":false},"excerpt":{"rendered":"<p>La journ\u00e9e mondiale de la maladie mentale, a \u00e9t\u00e9 c\u00e9l\u00e9br\u00e9e hier dans le monde entier. A cette occasion, le pr\u00e9sident<\/p>\n","protected":false},"author":1,"featured_media":23212,"comment_status":"open","ping_status":"open","sticky":false,"template":"","format":"standard","meta":{"footnotes":""},"categories":[26],"tags":[],"class_list":["post-23211","post","type-post","status-publish","format-standard","has-post-thumbnail","hentry","category-fait-divers"],"_links":{"self":[{"href":"https:\/\/dekkbi.com\/index.php?rest_route=\/wp\/v2\/posts\/23211","targetHints":{"allow":["GET"]}}],"collection":[{"href":"https:\/\/dekkbi.com\/index.php?rest_route=\/wp\/v2\/posts"}],"about":[{"href":"https:\/\/dekkbi.com\/index.php?rest_route=\/wp\/v2\/types\/post"}],"author":[{"embeddable":true,"href":"https:\/\/dekkbi.com\/index.php?rest_route=\/wp\/v2\/users\/1"}],"replies":[{"embeddable":true,"href":"https:\/\/dekkbi.com\/index.php?rest_route=%2Fwp%2Fv2%2Fcomments&post=23211"}],"version-history":[{"count":1,"href":"https:\/\/dekkbi.com\/index.php?rest_route=\/wp\/v2\/posts\/23211\/revisions"}],"predecessor-version":[{"id":23213,"href":"https:\/\/dekkbi.com\/index.php?rest_route=\/wp\/v2\/posts\/23211\/revisions\/23213"}],"wp:featuredmedia":[{"embeddable":true,"href":"https:\/\/dekkbi.com\/index.php?rest_route=\/wp\/v2\/media\/23212"}],"wp:attachment":[{"href":"https:\/\/dekkbi.com\/index.php?rest_route=%2Fwp%2Fv2%2Fmedia&parent=23211"}],"wp:term":[{"taxonomy":"category","embeddable":true,"href":"https:\/\/dekkbi.com\/index.php?rest_route=%2Fwp%2Fv2%2Fcategories&post=23211"},{"taxonomy":"post_tag","embeddable":true,"href":"https:\/\/dekkbi.com\/index.php?rest_route=%2Fwp%2Fv2%2Ftags&post=23211"}],"curies":[{"name":"wp","href":"https:\/\/api.w.org\/{rel}","templated":true}]}}