{"id":23190,"date":"2023-10-11T11:02:55","date_gmt":"2023-10-11T11:02:55","guid":{"rendered":"https:\/\/dekkbi.com\/?p=23190"},"modified":"2023-10-11T11:02:56","modified_gmt":"2023-10-11T11:02:56","slug":"partenariat-aips-afrique-caf-une-premiere-etape-franchie","status":"publish","type":"post","link":"https:\/\/dekkbi.com\/?p=23190","title":{"rendered":"Partenariat Aips\/Afrique-Caf : Une premi\u00e8re \u00e9tape franchie\u00a0!"},"content":{"rendered":"\n<p>C\u2019\u00e9tait dans l\u2019air. Un partenariat entre l\u2019Association internationale de la presse sportive-section Afrique (Aips\/Afrique) et la Caf. L\u2019id\u00e9e prend d\u00e9sormais forme depuis ce lundi 9 octobre 2023.<\/p>\n\n\n\n<p>En effet, au cours d\u2019une r\u00e9union tenue \u00e0 la salle Bassam de l\u2019h\u00f4tel Sofitel d\u2019Abidjan, Veron Mosengo-Omba, Secr\u00e9taire g\u00e9n\u00e9ral de la Caf, et Abdoulaye Thiam, pr\u00e9sident de l\u2019Aips\/Afrique, ont d\u00e9battu des grandes lignes de ce qui devrait aboutir \u00e0 un accord de partenariat entre les deux structures.<\/p>\n\n\n\n<p>Appr\u00e9ciant cette entrevue, le Sg de la Caf a f\u00e9licit\u00e9 le pr\u00e9sident Thiam pour les initiatives prises allant dans le sens du d\u00e9veloppement du journalisme sportif en Afrique. Pour plus d\u2019effectivit\u00e9 cependant, M. Mosengo-Omba a mis le curseur sur la n\u00e9cessit\u00e9 \u00abde travailler ensemble\u00bb. Revenant sur la Can 2023, il promet&nbsp;: \u00abCette Can sera la plus belle jamais organis\u00e9e.\u00bb<\/p>\n\n\n\n<p>Pour sa part, Abdoulaye Thiam, abordant ce qui devrait \u00eatre les axes du partenariat, a demand\u00e9 \u00e0 la Caf d\u2019investir dans la formation et le renforcement de capacit\u00e9s des journalistes africains par des experts africains.<\/p>\n\n\n\n<p>\u00abNous exer\u00e7ons un m\u00e9tier o\u00f9 il faut toujours se remettre en cause et se mettre \u00e0 jour. Nous demandons alors \u00e0 la Caf de nous appuyer dans l\u2019organisation de sessions de formation\u00bb, a-t-il plaid\u00e9, non sans souligner les efforts d\u00e9j\u00e0 consentis dans ce sens avec le programme des Jeunes reporters de l\u2019Aips.<\/p>\n\n\n\n<p>Le pr\u00e9sident Thiam a demand\u00e9 \u00e0 la Caf de compter davantage sur les journalistes sportifs africains pour servir de r\u00e9dacteurs de contenus pour le site de la Caf. C\u2019est d\u2019ailleurs dans ce sens que le pr\u00e9sident Abdoulaye Thiam a fait part de la volont\u00e9 de son \u00e9quipe d\u2019organiser chaque ann\u00e9e la Nuit du sport africain dans une capitale du continent. L\u2019id\u00e9e est de promouvoir l\u2019excellence et le m\u00e9rite dans la pratique du m\u00e9tier.<br><strong>Avec Aips  \/ Afrique<\/strong><\/p>\n","protected":false},"excerpt":{"rendered":"<p>C\u2019\u00e9tait dans l\u2019air. Un partenariat entre l\u2019Association internationale de la presse sportive-section Afrique (Aips\/Afrique) et la Caf. L\u2019id\u00e9e prend d\u00e9sormais<\/p>\n","protected":false},"author":1,"featured_media":23191,"comment_status":"open","ping_status":"open","sticky":false,"template":"","format":"standard","meta":{"footnotes":""},"categories":[9],"tags":[],"class_list":["post-23190","post","type-post","status-publish","format-standard","has-post-thumbnail","hentry","category-sports"],"_links":{"self":[{"href":"https:\/\/dekkbi.com\/index.php?rest_route=\/wp\/v2\/posts\/23190","targetHints":{"allow":["GET"]}}],"collection":[{"href":"https:\/\/dekkbi.com\/index.php?rest_route=\/wp\/v2\/posts"}],"about":[{"href":"https:\/\/dekkbi.com\/index.php?rest_route=\/wp\/v2\/types\/post"}],"author":[{"embeddable":true,"href":"https:\/\/dekkbi.com\/index.php?rest_route=\/wp\/v2\/users\/1"}],"replies":[{"embeddable":true,"href":"https:\/\/dekkbi.com\/index.php?rest_route=%2Fwp%2Fv2%2Fcomments&post=23190"}],"version-history":[{"count":1,"href":"https:\/\/dekkbi.com\/index.php?rest_route=\/wp\/v2\/posts\/23190\/revisions"}],"predecessor-version":[{"id":23192,"href":"https:\/\/dekkbi.com\/index.php?rest_route=\/wp\/v2\/posts\/23190\/revisions\/23192"}],"wp:featuredmedia":[{"embeddable":true,"href":"https:\/\/dekkbi.com\/index.php?rest_route=\/wp\/v2\/media\/23191"}],"wp:attachment":[{"href":"https:\/\/dekkbi.com\/index.php?rest_route=%2Fwp%2Fv2%2Fmedia&parent=23190"}],"wp:term":[{"taxonomy":"category","embeddable":true,"href":"https:\/\/dekkbi.com\/index.php?rest_route=%2Fwp%2Fv2%2Fcategories&post=23190"},{"taxonomy":"post_tag","embeddable":true,"href":"https:\/\/dekkbi.com\/index.php?rest_route=%2Fwp%2Fv2%2Ftags&post=23190"}],"curies":[{"name":"wp","href":"https:\/\/api.w.org\/{rel}","templated":true}]}}