{"id":23063,"date":"2023-10-07T16:15:39","date_gmt":"2023-10-07T16:15:39","guid":{"rendered":"https:\/\/dekkbi.com\/?p=23063"},"modified":"2023-10-07T16:15:39","modified_gmt":"2023-10-07T16:15:39","slug":"senegal-reprise-immediate-des-cours-en-presentiel-a-lucad-mais-reste-la-question-du-campus","status":"publish","type":"post","link":"https:\/\/dekkbi.com\/?p=23063","title":{"rendered":"S\u00e9n\u00e9gal: reprise imm\u00e9diate des cours en pr\u00e9sentiel \u00e0 l\u2019Ucad, mais reste la question du campus"},"content":{"rendered":"\n<p>rfi.fr)\u2014 Au S\u00e9n\u00e9gal, le conseil acad\u00e9mique de l\u2019universit\u00e9 Cheikh-Anta-Diop a d\u00e9cid\u00e9 d\u2019une reprise imm\u00e9diate des cours universitaires en pr\u00e9sentiel. Chaque d\u00e9partement de l\u2019universit\u00e9 pourra d\u00e9cider de la date exacte de la reprise. Reste la question de la r\u00e9ouverture du campus sur lequel logent environ 40 000 \u00e9tudiants.\u00ab C\u2019est une excellente nouvelle pour la communaut\u00e9 estudiantine, eu \u00e9gard \u00e0 toutes les situations qu\u2019on a eu \u00e0 vivre par rapport \u00e0 ces cours \u00e0 distance, ces cours en ligne, et le combat que nous menons depuis quatre mois, affirme Baye Niass Ndoye, \u00e9tudiant en gouvernance et membre du collectif des amicales de l\u2019universit\u00e9 Cheikh Anta Diop, au micro de L\u00e9a-Lisa Westerhoff. Le seul probl\u00e8me qui se pose actuellement, c\u2019est que le campus social n\u2019a pas encore d\u00e9cid\u00e9 de rouvrir ses portes. Il est impensable qu\u2019il y ait une reprise en pr\u00e9sentiel sur le plan p\u00e9dagogique seulement. \u00bb\u00ab Les deux campus doivent reprendre \u00bb\u00ab Les deux campus doivent reprendre, parce que beaucoup d\u2019\u00e9tudiants viennent de contr\u00e9es tr\u00e8s lointaines au niveau des collectivit\u00e9s territoriales, en milieu rural, et parmi eux, beaucoup n\u2019ont pas de famille d\u2019accueil \u00e0 Dakar, donc ils \u00e9taient log\u00e9s au niveau du campus social. Et ce campus social-l\u00e0 doit rouvrir ses portes, parce que l\u00e0 aussi, vivent entre environ 30 000 et 40 000 \u00e9tudiants sur les 93 000 \u00e9tudiants. Donc il est impensable de reprendre les cours en pr\u00e9sentiel sans que les \u00e9tudiants puissent acc\u00e9der au campus social. \u00bb<\/p>\n","protected":false},"excerpt":{"rendered":"<p>rfi.fr)\u2014 Au S\u00e9n\u00e9gal, le conseil acad\u00e9mique de l\u2019universit\u00e9 Cheikh-Anta-Diop a d\u00e9cid\u00e9 d\u2019une reprise imm\u00e9diate des cours universitaires en pr\u00e9sentiel. Chaque<\/p>\n","protected":false},"author":1,"featured_media":11432,"comment_status":"open","ping_status":"open","sticky":false,"template":"","format":"standard","meta":{"footnotes":""},"categories":[21],"tags":[],"class_list":["post-23063","post","type-post","status-publish","format-standard","has-post-thumbnail","hentry","category-societe"],"_links":{"self":[{"href":"https:\/\/dekkbi.com\/index.php?rest_route=\/wp\/v2\/posts\/23063","targetHints":{"allow":["GET"]}}],"collection":[{"href":"https:\/\/dekkbi.com\/index.php?rest_route=\/wp\/v2\/posts"}],"about":[{"href":"https:\/\/dekkbi.com\/index.php?rest_route=\/wp\/v2\/types\/post"}],"author":[{"embeddable":true,"href":"https:\/\/dekkbi.com\/index.php?rest_route=\/wp\/v2\/users\/1"}],"replies":[{"embeddable":true,"href":"https:\/\/dekkbi.com\/index.php?rest_route=%2Fwp%2Fv2%2Fcomments&post=23063"}],"version-history":[{"count":1,"href":"https:\/\/dekkbi.com\/index.php?rest_route=\/wp\/v2\/posts\/23063\/revisions"}],"predecessor-version":[{"id":23064,"href":"https:\/\/dekkbi.com\/index.php?rest_route=\/wp\/v2\/posts\/23063\/revisions\/23064"}],"wp:featuredmedia":[{"embeddable":true,"href":"https:\/\/dekkbi.com\/index.php?rest_route=\/wp\/v2\/media\/11432"}],"wp:attachment":[{"href":"https:\/\/dekkbi.com\/index.php?rest_route=%2Fwp%2Fv2%2Fmedia&parent=23063"}],"wp:term":[{"taxonomy":"category","embeddable":true,"href":"https:\/\/dekkbi.com\/index.php?rest_route=%2Fwp%2Fv2%2Fcategories&post=23063"},{"taxonomy":"post_tag","embeddable":true,"href":"https:\/\/dekkbi.com\/index.php?rest_route=%2Fwp%2Fv2%2Ftags&post=23063"}],"curies":[{"name":"wp","href":"https:\/\/api.w.org\/{rel}","templated":true}]}}