{"id":23057,"date":"2023-10-07T16:02:13","date_gmt":"2023-10-07T16:02:13","guid":{"rendered":"https:\/\/dekkbi.com\/?p=23057"},"modified":"2023-10-07T16:02:13","modified_gmt":"2023-10-07T16:02:13","slug":"lequateur-dans-la-tourmente-apres-la-mort-des-assassins-presumes-dun-candidat-a-la-presidentielle","status":"publish","type":"post","link":"https:\/\/dekkbi.com\/?p=23057","title":{"rendered":"L\u2019\u00c9quateur dans la tourmente apr\u00e8s la mort des assassins pr\u00e9sum\u00e9s d\u2019un candidat \u00e0 la pr\u00e9sidentielle"},"content":{"rendered":"\n<p>L\u2019\u00c9quateur se retrouve samedi plong\u00e9 dans la tourmente au lendemain de la mort de six d\u00e9tenus colombiens, inculp\u00e9s pour l\u2019assassinat en ao\u00fbt du candidat centriste \u00e0 la pr\u00e9sidentielle Fernando Villavicencio, tu\u00e9s pendant des \u201ctroubles\u201d dans une prison de Guayaquil, dans le sud-ouest du pays.<\/p>\n\n\n\n<p>Le pr\u00e9sident de droite Guillermo Lasso, en d\u00e9placement priv\u00e9 \u00e0 New York et qui \u00e9tait attendu en Cor\u00e9e du Sud pour une visite officielle, a annonc\u00e9 sur X (ex-Twitter) qu\u2019il rentrait imm\u00e9diatement en \u00c9quateur, o\u00f9 il a convoqu\u00e9 une r\u00e9union des hauts responsables de la s\u00e9curit\u00e9. \u201cNi complicit\u00e9, ni dissimulation. Ici, la v\u00e9rit\u00e9 sera connue\u201d, a-t-il lanc\u00e9.<\/p>\n\n\n\n<p>Le d\u00e9put\u00e9 Fernando Villavicencio, ancien journaliste de 59 ans et un des favoris pour le premier tour de la pr\u00e9sidentielle, avait \u00e9t\u00e9 abattu par un commando de tueurs \u00e0 l\u2019issue d\u2019un meeting de campagne \u00e0 Quito le 9 ao\u00fbt, onze jours avant le scrutin.Six Colombiens au lourd pass\u00e9 criminel avaient \u00e9t\u00e9 interpell\u00e9s en flagrant d\u00e9lit, et un autre tu\u00e9 par les gardes du corps de la victime. Au total, une dizaine de personnes ont \u00e9t\u00e9 arr\u00eat\u00e9es au cours de l\u2019enqu\u00eate qui a suivi.\u201cLes six personnes priv\u00e9es de libert\u00e9 (PPL) mortes\u201d dans la prison de Guayas 1 \u00e0 Guayaquil \u201csont de nationalit\u00e9 colombienne et \u00e9taient inculp\u00e9es pour l\u2019assassinat de l\u2019ex-candidat \u00e0 la pr\u00e9sidentielle Fernando Villavicencio\u201d, a indiqu\u00e9 l\u2019administration p\u00e9nitentiaire dans un communiqu\u00e9.Les autorit\u00e9s ont fourni peu de d\u00e9tails sur cette tuerie, qui survient \u00e0 quelques jours du second tour de la pr\u00e9sidentielle entre Luisa Gonzalez, une proche de l\u2019ancien pr\u00e9sident socialiste Rafael Correa, dont M. Villavicencio \u00e9tait un farouche opposant, et Daniel Noboa, un candidat de droite.\u201cComment avons-nous pu permettre le renforcement de la violence qui maintient le pays dans la terreur et l\u2019incertitude\u201d, a r\u00e9agi M. Noboa dans un communiqu\u00e9.Selon Mme Gonzalez, il existe \u201cune strat\u00e9gie de terreur qu\u2019on essaie d\u2019imposer aux citoyens\u201d.Le parquet avait fait savoir sur X que \u201cface aux troubles survenus vendredi apr\u00e8s-midi\u201d, du personnel militaire sp\u00e9cialis\u00e9 allait p\u00e9n\u00e9trer dans le quartier 7 de la prison de Guayas 1, o\u00f9 auraient d\u00e9marr\u00e9 les violences, pour \u201cprendre la situation en main\u201d.<\/p>\n\n\n\n<p>MassacreGuayas 1, qui h\u00e9berge quelque 6.800 d\u00e9tenus, est l\u2019une des cinq prisons de l\u2019immense complexe p\u00e9nitentiaire de Guayaquil, o\u00f9 plus de 430 d\u00e9tenus ont p\u00e9ri, parfois d\u00e9membr\u00e9s ou br\u00fbl\u00e9s, depuis 2021. Selon le gouvernement \u00e9quatorien, les violences meurtri\u00e8res qui \u00e9clatent r\u00e9guli\u00e8rement dans les prisons sont dues \u00e0 des luttes d\u2019influence entre groupes de narcotrafiquants rivaux.Le pr\u00e9sident Lasso a d\u00e9cr\u00e9t\u00e9 en juillet l\u2019\u00e9tat d\u2019urgence dans les prisons, ce qui permet notamment d\u2019y d\u00e9ployer l\u2019arm\u00e9e. Cette mesure, prise \u00e0 la suite d\u2019un massacre particuli\u00e8rement effroyable qui avait fait des dizaines de morts \u00e0 Guayas 1, a \u00e9t\u00e9 prolong\u00e9e jusque fin octobre.Selon des m\u00e9dias locaux, le quartier 7 de la prison est contr\u00f4l\u00e9 par le groupe Los Aguilas, l\u2019une des multiples bandes criminelles \u00e9quatoriennes li\u00e9es aux cartels de la drogue colombiens ou mexicains, comme ceux de Sinaloa et Jalisco Nueva Generacion.Ce sextuple meurtre intervient dans la derni\u00e8re ligne droite avant le second tour de la pr\u00e9sidentielle le 15 octobre. Le scrutin opposera Luisa Gonzalez, dauphine de l\u2019ex-pr\u00e9sident Correa, au conservateur Daniel Noboa, fils de l\u2019un des hommes d\u2019affaires les plus riches du pays. Les derniers sondages donnent les deux candidats au coude \u00e0 coude. Le rempla\u00e7ant de M. Villavicencio, Christian Zurita, lui aussi ancien journaliste, a \u00e9t\u00e9 \u00e9limin\u00e9 au premier tour.<\/p>\n\n\n\n<p>Fernando Villavicencio \u00e9tait un farouche opposant de Rafael Correa, qu\u2019il avait envoy\u00e9 sur le banc des accus\u00e9s gr\u00e2ce aux r\u00e9v\u00e9lations des enqu\u00eates journalistiques qu\u2019il avait men\u00e9es avec M. Zurita. R\u00e9fugi\u00e9 en Belgique, M. Correa a \u00e9t\u00e9 condamn\u00e9 par contumace \u00e0 huit ans de prison pour corruption.Les proches de M. Villavicencio, dont sa veuve Veronica Sarauz, ont directement mis en cause le camp Correa, l\u2019accusant d\u2019avoir des \u201cliens avec des bandes criminelles\u201d et d\u2019\u00eatre derri\u00e8re l\u2019attentat contre le candidat, sans toutefois pr\u00e9senter de preuves.Fin septembre, Mme Sarauz avait elle-m\u00eame \u00e9t\u00e9 victime d\u2019une tentative d\u2019assassinat, selon son entourage: ses gardes du corps avaient arr\u00eat\u00e9 un V\u00e9n\u00e9zu\u00e9lien arm\u00e9 qui, \u00e0 moto, avait tent\u00e9 d\u2019attaquer la voiture \u00e0 bord de laquelle elle circulait.Autrefois consid\u00e9r\u00e9 comme un \u00eelot de paix en Am\u00e9rique latine, l\u2019Equateur, situ\u00e9 entre la Colombie et le P\u00e9rou, les deux plus gros producteurs mondiaux de coca\u00efne, est frapp\u00e9 ces derni\u00e8res ann\u00e9es par une vague de violences sans pr\u00e9c\u00e9dent li\u00e9e au crime organis\u00e9 et au narcotrafic.Dans ce pays de 16,9 millions d\u2019habitants, le taux d\u2019homicides a explos\u00e9. Il a quadrupl\u00e9 entre 2018 et 2022 pour atteindre un record de 26 pour 100.000 habitants. Selon des experts, ce taux pourrait grimper jusqu\u2019\u00e0 40 pour 100.000 habitants en 2023.<\/p>\n","protected":false},"excerpt":{"rendered":"<p>L\u2019\u00c9quateur se retrouve samedi plong\u00e9 dans la tourmente au lendemain de la mort de six d\u00e9tenus colombiens, inculp\u00e9s pour l\u2019assassinat<\/p>\n","protected":false},"author":1,"featured_media":23058,"comment_status":"open","ping_status":"open","sticky":false,"template":"","format":"standard","meta":{"footnotes":""},"categories":[51],"tags":[],"class_list":["post-23057","post","type-post","status-publish","format-standard","has-post-thumbnail","hentry","category-general"],"_links":{"self":[{"href":"https:\/\/dekkbi.com\/index.php?rest_route=\/wp\/v2\/posts\/23057","targetHints":{"allow":["GET"]}}],"collection":[{"href":"https:\/\/dekkbi.com\/index.php?rest_route=\/wp\/v2\/posts"}],"about":[{"href":"https:\/\/dekkbi.com\/index.php?rest_route=\/wp\/v2\/types\/post"}],"author":[{"embeddable":true,"href":"https:\/\/dekkbi.com\/index.php?rest_route=\/wp\/v2\/users\/1"}],"replies":[{"embeddable":true,"href":"https:\/\/dekkbi.com\/index.php?rest_route=%2Fwp%2Fv2%2Fcomments&post=23057"}],"version-history":[{"count":1,"href":"https:\/\/dekkbi.com\/index.php?rest_route=\/wp\/v2\/posts\/23057\/revisions"}],"predecessor-version":[{"id":23059,"href":"https:\/\/dekkbi.com\/index.php?rest_route=\/wp\/v2\/posts\/23057\/revisions\/23059"}],"wp:featuredmedia":[{"embeddable":true,"href":"https:\/\/dekkbi.com\/index.php?rest_route=\/wp\/v2\/media\/23058"}],"wp:attachment":[{"href":"https:\/\/dekkbi.com\/index.php?rest_route=%2Fwp%2Fv2%2Fmedia&parent=23057"}],"wp:term":[{"taxonomy":"category","embeddable":true,"href":"https:\/\/dekkbi.com\/index.php?rest_route=%2Fwp%2Fv2%2Fcategories&post=23057"},{"taxonomy":"post_tag","embeddable":true,"href":"https:\/\/dekkbi.com\/index.php?rest_route=%2Fwp%2Fv2%2Ftags&post=23057"}],"curies":[{"name":"wp","href":"https:\/\/api.w.org\/{rel}","templated":true}]}}