{"id":23045,"date":"2023-10-07T11:13:20","date_gmt":"2023-10-07T11:13:20","guid":{"rendered":"https:\/\/dekkbi.com\/?p=23045"},"modified":"2023-10-07T11:13:20","modified_gmt":"2023-10-07T11:13:20","slug":"lutte-contre-les-mnt-bataille-contre-la-mort","status":"publish","type":"post","link":"https:\/\/dekkbi.com\/?p=23045","title":{"rendered":"Lutte contre les Mnt : Bataille contre la mort"},"content":{"rendered":"\n<p>La 6\u00e8me \u00e9dition du Forum Galien, qui se tient \u00e0 Dakar, fait focus sur les maladies non transmissibles. Consid\u00e8r\u00e9es comme des tueuses silencieuses, elles sont responsables de 74% de la charge de morbidit\u00e9 dans le pays.Par Justin GOMIS \u2013 Les Maladies non transmissibles (Mnt) constituent une pr\u00e9occupation majeure pour le continent africain. \u00abElles sont responsables de 74% de la charge de morbidit\u00e9. Elles sont aussi responsables de d\u00e9c\u00e8s pr\u00e9matur\u00e9s et entra\u00eenent des cons\u00e9quences socio-\u00e9conomiques chez les populations atteintes et les populations affect\u00e9es directement ou indirectement\u00bb, expose Pr Ibrahima Seck de la Commission sanitaire au minist\u00e8re de la Sant\u00e9 et de l\u2019action sociale. D\u2019apr\u00e8s l\u2019ambassadrice de la France au niveau de l\u2019Oms, intervenue via internet, \u00ables maladies non transmissibles sont responsables de 41 millions de d\u00e9c\u00e8s chaque ann\u00e9e dans le monde, et le quart de ces d\u00e9c\u00e8s sont not\u00e9s dans les pays \u00e0 faible revenu ou \u00e0 revenu interm\u00e9diaire\u00bb. Selon le Premier ministre, \u00ables maladies non transmissibles constituent, avec les maladies infectieuses, un lourd fardeau pour les populations africaines et rendent encore plus fragiles nos syst\u00e8mes de sant\u00e9 et notre d\u00e9veloppement\u00bb.<\/p>\n\n\n\n<p>De l\u2019avis de Awa Marie Colle Seck, c\u2019est un double fardeau pour l\u2019Afrique. \u00abAvant, nous pensions en Afrique que c\u2019\u00e9taient les maladies infectieuses, et on doit reconna\u00eetre aujourd\u2019hui en Afrique, que nous avons un double fardeau, puisque les maladies non transmissibles sont de plus en plus nombreuses. On peut dire que chacun d\u2019entre nous, s\u2019il n\u2019a pas une de ces maladies non transmissibles comme l\u2019hypertension art\u00e9rielle, le diab\u00e8te, les maladies respiratoires et autres, a au moins quelqu\u2019un qu\u2019il conna\u00eet qui en est victime. C\u2019est dire donc que c\u2019est un gros probl\u00e8me, et tous les investissements que nous faisons pour pouvoir prendre en charge les malades ne suffiront jamais\u00bb, rel\u00e8ve l\u2019ancienne ministre de la Sant\u00e9, qui en veut pour preuve le nombre de dialys\u00e9s qui ne cesse de cro\u00eetre malgr\u00e9 les efforts consentis par les autorit\u00e9s. Abondant dans le m\u00eame sens, Pr Ibrahima Seck souligne qu\u2019on a l\u2019habitude de lutter contre les maladies infectieuses, qui sont d\u2019origines bact\u00e9rienne, virale,  parasitaire et microsite, et sont responsables des \u00e9pid\u00e9mies. Mais, on oublie ces tueuses silencieuses que constituent les Mnt. \u00abCelles-l\u00e0, une fois diagnostiqu\u00e9es, elles s\u2019ins\u00e8rent \u00e0 vie chez l\u2019\u00eatre humain. Et si une bonne prise en charge n\u2019est pas faite, inexorablement, elles vont \u00e9voluer vers les d\u00e9c\u00e8s\u00bb, dit-il.<\/p>\n\n\n\n<p>LEQUOTIDIEN<\/p>\n","protected":false},"excerpt":{"rendered":"<p>La 6\u00e8me \u00e9dition du Forum Galien, qui se tient \u00e0 Dakar, fait focus sur les maladies non transmissibles. Consid\u00e8r\u00e9es comme<\/p>\n","protected":false},"author":1,"featured_media":23046,"comment_status":"open","ping_status":"open","sticky":false,"template":"","format":"standard","meta":{"footnotes":""},"categories":[21],"tags":[],"class_list":["post-23045","post","type-post","status-publish","format-standard","has-post-thumbnail","hentry","category-societe"],"_links":{"self":[{"href":"https:\/\/dekkbi.com\/index.php?rest_route=\/wp\/v2\/posts\/23045","targetHints":{"allow":["GET"]}}],"collection":[{"href":"https:\/\/dekkbi.com\/index.php?rest_route=\/wp\/v2\/posts"}],"about":[{"href":"https:\/\/dekkbi.com\/index.php?rest_route=\/wp\/v2\/types\/post"}],"author":[{"embeddable":true,"href":"https:\/\/dekkbi.com\/index.php?rest_route=\/wp\/v2\/users\/1"}],"replies":[{"embeddable":true,"href":"https:\/\/dekkbi.com\/index.php?rest_route=%2Fwp%2Fv2%2Fcomments&post=23045"}],"version-history":[{"count":1,"href":"https:\/\/dekkbi.com\/index.php?rest_route=\/wp\/v2\/posts\/23045\/revisions"}],"predecessor-version":[{"id":23047,"href":"https:\/\/dekkbi.com\/index.php?rest_route=\/wp\/v2\/posts\/23045\/revisions\/23047"}],"wp:featuredmedia":[{"embeddable":true,"href":"https:\/\/dekkbi.com\/index.php?rest_route=\/wp\/v2\/media\/23046"}],"wp:attachment":[{"href":"https:\/\/dekkbi.com\/index.php?rest_route=%2Fwp%2Fv2%2Fmedia&parent=23045"}],"wp:term":[{"taxonomy":"category","embeddable":true,"href":"https:\/\/dekkbi.com\/index.php?rest_route=%2Fwp%2Fv2%2Fcategories&post=23045"},{"taxonomy":"post_tag","embeddable":true,"href":"https:\/\/dekkbi.com\/index.php?rest_route=%2Fwp%2Fv2%2Ftags&post=23045"}],"curies":[{"name":"wp","href":"https:\/\/api.w.org\/{rel}","templated":true}]}}