{"id":23007,"date":"2023-10-06T10:07:18","date_gmt":"2023-10-06T10:07:18","guid":{"rendered":"https:\/\/dekkbi.com\/?p=23007"},"modified":"2023-10-06T10:25:20","modified_gmt":"2023-10-06T10:25:20","slug":"des-bleus-sans-surprise-mais-avec-konate-et-clauss-contre-les-pays-bas","status":"publish","type":"post","link":"https:\/\/dekkbi.com\/?p=23007","title":{"rendered":"Des Bleus sans surprise  contre les Pays-Bas"},"content":{"rendered":"\n<p>L\u2019heure n\u2019est pas \u00e0 l\u2019innovation: les yeux riv\u00e9s sur l\u2019Euro-2024, Didier Deschamps a convoqu\u00e9 jeudi une \u00e9quipe de France sans surprise autour de son capitaine star Kylian Mbapp\u00e9 pour aller jouer une premi\u00e8re balle de qualification aux Pays-Bas vendredi 13 octobre.<\/p>\n\n\n\n<p>A d\u00e9faut d\u2019une surprise, comme l\u2019aurait \u00e9t\u00e9 un retour parmi les 23 de N\u2019Golo Kant\u00e9 exil\u00e9 en Arabie saoudite, Deschamps a rappel\u00e9 les d\u00e9fenseurs Ibrahima Konat\u00e9 et Jonathan Clauss pour les voyages \u00e0 Amsterdam la semaine prochaine (vendredi 13, 20h45), puis \u00e0 Lille contre l\u2019Ecosse en amical mardi 17 (21h). Apr\u00e8s cinq victoires en cinq matches, les Bleus (1er, 15 pts) peuvent valider leur ticket pour le prochain Euro (du 14 juin au 14 juillet 2024) en cas de victoire contre les Oranje (2e, 9 pts mais un match en moins).<\/p>\n\n\n\n<p>Ibrahima Konat\u00e9 avait d\u00e9clar\u00e9 forfait lors du pr\u00e9c\u00e9dent rassemblement. Bless\u00e9 aux ischios-jambiers de la cuisse gauche, le d\u00e9fenseur de Liverpool avait manqu\u00e9 il y a un mois la victoire contre l\u2019Irlande en \u00e9liminatoires (2-0) puis la d\u00e9faite contre l\u2019Allemagne (2-0).<\/p>\n\n\n\n<p>Jonathan Clauss, malgr\u00e9 la profonde crise interne que traverse l\u2019OM, fait lui son retour en \u00e9quipe de France un an apr\u00e8s son dernier match, contre le Danemark le 25 septembre 2022 (2-0). \u201cIl y a une question de concurrence, et de par ce qu\u2019il r\u00e9alise \u00e0 ce poste l\u00e0, avec ses propres qualit\u00e9s, c\u2019est bien de le revoir en tant que lat\u00e9ral droit\u201d, a expliqu\u00e9 le s\u00e9lectionneur des Bleus au si\u00e8ge de la FFF \u00e0 Paris.<\/p>\n\n\n\n<p>Le reste de la liste r\u00e9pond \u00e0 la logique. Mike Maignan sera bien l\u00e0 dans les cages. L\u00e9g\u00e8rement bless\u00e9 contre Newcastle avec l\u2019AC Milan mi-septembre (0-0), il avait manqu\u00e9 deux matches mais s\u2019est remis depuis. Son co\u00e9quipier chez les Rossoneri Olivier Giroud, bless\u00e9 en Irlande \u00e0 la cheville gauche et forfait en Allemagne, sera aussi du rendez-vous amstellodamois.<\/p>\n\n\n\n<p>Outre Giroud, Deschamps s\u2019appuiera en attaque sur ses armes habituelles: le trio du PSG Kylian Mbapp\u00e9, Ousmane Demb\u00e9l\u00e9 et Randal Kolo Muani, qui devront se remettre de la lourde d\u00e9faite \u00e0 Newcastle (4-1), mais aussi Kingsley Coman (Bayern Munich), Antoine Griezmann, en forme avec l\u2019Atl\u00e9tico de Madrid, et Marcus Thuram, souvent d\u00e9cisif avec l\u2019Inter Milan.<\/p>\n\n\n\n<h2 class=\"wp-block-heading\">Mbapp\u00e9, \u201cpas au mieux de sa forme\u201d<\/h2>\n\n\n\n<p>A propos de la m\u00e9forme de son capitaine Mbapp\u00e9, le s\u00e9lectionneur a confirm\u00e9 qu\u2019il n\u2019\u00e9tait \u201cpas au mieux de sa forme \u00e0 l\u2019image des r\u00e9sultats de son club certainement\u201d. \u201c\u00c9videmment que Kylian, avec tout ce qu\u2019il est capable de faire et l\u2019influence qu\u2019il a sur les r\u00e9sultats de son \u00e9quipe, cela a une grosse incidence\u201d, a-t-il poursuivi, \u201cest-ce que c\u2019est sa p\u00e9riode estivale o\u00f9 il n\u2019a pas eu une pr\u00e9paration classique, qu\u2019il y a eu des manques \u00e0 ce moment-l\u00e0 ? Mais je n\u2019ai pas d\u2019inqui\u00e9tudes\u201d.<\/p>\n\n\n\n<p>Au milieu, Deschamps comptera d\u2019abord sur les in\u00e9vitables Adrien Rabiot (Juventus), Aur\u00e9lien Tchouam\u00e9ni et Eduardo Camavinga (Real Madrid). Sans oublier Youssouf Fofana et Boubacar Kamara, \u00e9galement tr\u00e8s en vue, respectivement \u00e0 Monaco et Aston Villa. Peut-\u00eatre la ligne qui pose le plus question, notamment apr\u00e8s la d\u00e9faite contre une Nationalmannschaft en grande difficult\u00e9, la d\u00e9fense devra r\u00e9pondre pr\u00e9sent aux Pays-Bas.<\/p>\n\n\n\n<p>Elle verra donc le retour de Konat\u00e9, qui pourrait \u00eatre titulaire, et de Clauss. Ce dernier \u00e0 un poste de lat\u00e9ral droit qui peine \u00e0 trouver son N.1 entre Benjamin Pavard et Jules Kound\u00e9: pour cause, ces deux joueurs \u00e9voluent \u00e0 l\u2019Inter Milan et au Bar\u00e7a dans un r\u00f4le de d\u00e9fenseur central. \u201cDe l\u2019autre c\u00f4t\u00e9, Lucas Hernandez peut aussi \u00eatre d\u00e9fenseur central. Mais entre Jules (Kound\u00e9) et Benjamin (Pavard), celui qui est r\u00e9-ax\u00e9 dans mon esprit c\u2019est Benjamin Pavard, qui a plus de difficult\u00e9 \u00e0 ce poste de lat\u00e9ral. Aujourd\u2019hui il joue dans une d\u00e9fense \u00e0 3 \u00e0 l\u2019Inter\u201d, a poursuivi le s\u00e9lectionneur.<\/p>\n\n\n\n<p>Apr\u00e8s ces deux matches, les vice-champions du monde en titre auront encore deux rencontres de qualification \u00e0 jouer, en novembre: \u00e0 Nice contre Gibraltar, le samedi 18, et \u00e0 Ath\u00e8nes contre la Gr\u00e8ce le mardi 21.<\/p>\n","protected":false},"excerpt":{"rendered":"<p>L\u2019heure n\u2019est pas \u00e0 l\u2019innovation: les yeux riv\u00e9s sur l\u2019Euro-2024, Didier Deschamps a convoqu\u00e9 jeudi une \u00e9quipe de France sans<\/p>\n","protected":false},"author":1,"featured_media":9330,"comment_status":"open","ping_status":"open","sticky":false,"template":"","format":"standard","meta":{"footnotes":""},"categories":[9],"tags":[],"class_list":["post-23007","post","type-post","status-publish","format-standard","has-post-thumbnail","hentry","category-sports"],"_links":{"self":[{"href":"https:\/\/dekkbi.com\/index.php?rest_route=\/wp\/v2\/posts\/23007","targetHints":{"allow":["GET"]}}],"collection":[{"href":"https:\/\/dekkbi.com\/index.php?rest_route=\/wp\/v2\/posts"}],"about":[{"href":"https:\/\/dekkbi.com\/index.php?rest_route=\/wp\/v2\/types\/post"}],"author":[{"embeddable":true,"href":"https:\/\/dekkbi.com\/index.php?rest_route=\/wp\/v2\/users\/1"}],"replies":[{"embeddable":true,"href":"https:\/\/dekkbi.com\/index.php?rest_route=%2Fwp%2Fv2%2Fcomments&post=23007"}],"version-history":[{"count":2,"href":"https:\/\/dekkbi.com\/index.php?rest_route=\/wp\/v2\/posts\/23007\/revisions"}],"predecessor-version":[{"id":23019,"href":"https:\/\/dekkbi.com\/index.php?rest_route=\/wp\/v2\/posts\/23007\/revisions\/23019"}],"wp:featuredmedia":[{"embeddable":true,"href":"https:\/\/dekkbi.com\/index.php?rest_route=\/wp\/v2\/media\/9330"}],"wp:attachment":[{"href":"https:\/\/dekkbi.com\/index.php?rest_route=%2Fwp%2Fv2%2Fmedia&parent=23007"}],"wp:term":[{"taxonomy":"category","embeddable":true,"href":"https:\/\/dekkbi.com\/index.php?rest_route=%2Fwp%2Fv2%2Fcategories&post=23007"},{"taxonomy":"post_tag","embeddable":true,"href":"https:\/\/dekkbi.com\/index.php?rest_route=%2Fwp%2Fv2%2Ftags&post=23007"}],"curies":[{"name":"wp","href":"https:\/\/api.w.org\/{rel}","templated":true}]}}