{"id":2298,"date":"2022-10-26T10:17:59","date_gmt":"2022-10-26T10:17:59","guid":{"rendered":"https:\/\/dekkbi.com\/?p=2298"},"modified":"2022-10-26T10:18:00","modified_gmt":"2022-10-26T10:18:00","slug":"litalie-fait-pleinement-partie-de-leurope-et-du-monde-occidental-assure-giorgia-meloni","status":"publish","type":"post","link":"https:\/\/dekkbi.com\/?p=2298","title":{"rendered":"L&rsquo;Italie fait \u00abpleinement partie de l&rsquo;Europe et du monde occidental\u00bb, assure Giorgia Meloni"},"content":{"rendered":"\n<p>Face au Parlement, la nouvelle Premi\u00e8re ministre italienne Giorgia Meloni a ni\u00e9 toute \u00ab\u00a0<em>sympathie\u00a0<\/em>\u00bb\u00a0ou \u00ab\u00a0<em>proximit\u00e9<\/em>\u00a0\u00bb\u00a0avec le fascisme, lors de son discours de politique g\u00e9n\u00e9rale.<\/p>\n\n\n\n<p>Pour la premi\u00e8re fois en tant que chef du gouvernement, Giorgia Meloni s\u2019est pr\u00e9sent\u00e9e devant le Parlement \u00e0 Rome. Pendant 70 minutes, elle a d\u00e9taill\u00e9 les grands chapitres de son action pour les cinq prochaines ann\u00e9es,\u00a0dans son discours de politique g\u00e9n\u00e9rale devant les d\u00e9put\u00e9s qui doivent voter dans la soir\u00e9e la confiance \u00e0\u00a0<strong>son gouvernement<\/strong>. Ce vote est acquis en raison de la majorit\u00e9 absolue dont sa coalition dispose.<\/p>\n\n\n\n<p>Giorgia Meloni a beaucoup parl\u00e9 de son parcours politique ce matin, note notre correspondante \u00e0 Rome,&nbsp;<strong>Anne Treca<\/strong>. Du mouvement de jeunesse post-fasciste \u00e0 15 ans \u00e0 son destin de premi\u00e8re femme \u00e0 la t\u00eate du gouvernement. Pour d\u00e9signer l\u2019Italie, elle a utilis\u00e9 15 ou 16 fois le mot nation &#8211; quand d\u2019autres disent pays.<\/p>\n\n\n\n<h2 class=\"wp-block-heading\">Respect des \u00ab<em>&nbsp;r\u00e8gles<\/em>&nbsp;\u00bb europ\u00e9ennes<\/h2>\n\n\n\n<p>Mais son discours n\u2019\u00e9tait ni nationaliste ni souverainiste. \u00ab<em>&nbsp;L&rsquo;Italie fait pleinement partie de l&rsquo;Europe et du monde occidental&nbsp;<\/em>\u00bb a affirm\u00e9 mardi 25 octobre avec force la nouvelle cheffe du gouvernement italien Giorgia Meloni, \u00e0 la t\u00eate du parti post-fasciste eurosceptique Fratelli d&rsquo;Italia (FdI). Elle a assur\u00e9 que l&rsquo;approche italienne n&rsquo;\u00e9tait pas de \u00ab&nbsp;<em>freiner et saboter l&rsquo;int\u00e9gration europ\u00e9enne&nbsp;<\/em>\u00bb&nbsp;mais de faire mieux fonctionner la machine communautaire.<\/p>\n\n\n\n<p>PUBLICIT\u00c9<\/p>\n\n\n\n<p>\u00ab<em>&nbsp;L&rsquo;Italie va respecter les r\u00e8gles&nbsp;<\/em>\u00bb europ\u00e9ennes, a \u00e9galement assur\u00e9 Giorgia Meloni, m\u00eame si Rome veut aussi \u00ab&nbsp;<em>contribuer \u00e0 changer celles qui ne fonctionnent pas<\/em>&nbsp;\u00bb. L&rsquo;UE est \u00ab&nbsp;<em>une maison commune pour affronter les d\u00e9fis que les \u00c9tats membres peuvent difficilement affronter seuls<\/em>&nbsp;\u00bb, a-t-elle estim\u00e9, jugeant qu&rsquo;elle n&rsquo;a pas fait assez dans ce domaine dans le pass\u00e9.<\/p>\n\n\n\n<p>Pour relancer l\u2019\u00e9conomie, elle s\u2019inscrit dans les pas de Mario Draghi. Sa d\u00e9marche vise \u00e0 rassurer les march\u00e9s et les partenaires de l\u2019Italie, car la coalition de Meloni a besoin du plan de relance europ\u00e9en. La pr\u00e9sidente du Conseil doit r\u00e9ussir le d\u00e9fi de prot\u00e9ger les Italiens des effets de l&rsquo;inflation, sans creuser la dette publique. L&rsquo;inflation a augment\u00e9 de 8,9% sur un an, en septembre. Et la dette repr\u00e9sente 150% du PIB, c\u2019est le taux le plus \u00e9lev\u00e9 de la zone euro, apr\u00e8s la Gr\u00e8ce.<\/p>\n\n\n\n<p>Pour b\u00e9n\u00e9ficier des 200 milliards d&rsquo;euros, de subventions et de pr\u00eats, accord\u00e9s par l&rsquo;UE, l\u2019Italie doit mettre en place des r\u00e9formes structurelles demand\u00e9es par l&rsquo;organisation, allant des retraites, \u00e0 la justice, en passant par la num\u00e9risation de l&rsquo;administration publique.<\/p>\n\n\n\n<h2 class=\"wp-block-heading\">Lutte contre l&rsquo;immigration clandestine et soutien \u00e0 la famille<\/h2>\n\n\n\n<p>Giorgia Meloni a aussi beaucoup insist\u00e9 sur l\u2019\u00e9cologie, les \u00e9nergies renouvelables. Elle y a ajout\u00e9 des th\u00e8mes phares de la campagne \u00e9lectorale des conservateurs&nbsp;: la lutte contre l\u2019immigration clandestine, un all\u00e8gement cibl\u00e9 de la pression fiscale, et la remise en question du revenu de citoyennet\u00e9. Elle&nbsp;a assur\u00e9 que son gouvernement entendait \u00ab&nbsp;<em>arr\u00eater les d\u00e9parts ill\u00e9gaux<\/em>&nbsp;\u00bb&nbsp;d&rsquo;Afrique vers la p\u00e9ninsule et \u00ab&nbsp;<em>briser le trafic d&rsquo;\u00eatre humains<\/em>&nbsp;\u00bb en M\u00e9diterran\u00e9e.<\/p>\n\n\n\n<p><strong>Newsletter<\/strong>Recevez toute l&rsquo;actualit\u00e9 internationale directement dans votre boite mail<a href=\"https:\/\/emailing.rfi.fr\/fr\/subscribe\" target=\"_blank\" rel=\"noreferrer noopener\">Je m&rsquo;abonne<\/a><\/p>\n\n\n\n<p>Sur les choix de soci\u00e9t\u00e9, elle est rest\u00e9e dans les grands principes. Le soutien aux familles et \u00e0 la natalit\u00e9. Elle a cit\u00e9 deux papes, d\u2019abord Fran\u00e7ois et plus loin Jean-Paul II, pour affirmer son attachement \u00e0 la libert\u00e9 et au sens du devoir.<\/p>\n\n\n\n<p>Elle a solennellement d\u00e9clar\u00e9 son opposition au fascisme.&nbsp;\u00ab&nbsp;<em>Je n&rsquo;ai jamais eu de sympathie ou de proximit\u00e9 vis-\u00e0-vis des r\u00e9gimes antid\u00e9mocratiques. Pour aucun r\u00e9gime, fascisme compris&nbsp;<\/em>\u00bb, a affirm\u00e9 Giorgia Meloni. Et elle a promis que son gouvernement combattra le racisme, l\u2019antis\u00e9mitisme, la violence politique et toute forme de discrimination. Un discours fait pour rassurer.<\/p>\n\n\n\n<h2 class=\"wp-block-heading\">Soutien \u00e0 l&rsquo;Ukraine<\/h2>\n\n\n\n<p>La nouvelle dirigeante italienne&nbsp;a aussi promis que l&rsquo;Italie resterait \u00ab&nbsp;<em>un partenaire fiable de l&rsquo;Otan en soutien \u00e0 l&rsquo;Ukraine qui s&rsquo;oppose \u00e0 l&rsquo;agression de la Russie&nbsp;<\/em>\u00bb, d\u00e9non\u00e7ant le \u00ab&nbsp;<em>chantage&nbsp;<\/em>\u00bb du pr\u00e9sident russe Vladimir Poutine. \u00ab&nbsp;<em>C\u00e9der au chantage de Poutine sur l&rsquo;\u00e9nergie ne r\u00e9soudrait pas le probl\u00e8me, cela l&rsquo;aggraverait ouvrant la voie \u00e0 de nouvelles pr\u00e9tentions et chantages et de futures augmentations de l&rsquo;\u00e9nergie encore plus importantes que celles que nous avons connues ces derniers mois&nbsp;<\/em>\u00bb, a-t-elle estim\u00e9.<\/p>\n\n\n\n<p><\/p>\n\n\n\n<p>(<em>Avec<\/em>&nbsp;AFP)<\/p>\n\n\n\n<p><a rel=\"noreferrer noopener\" href=\"https:\/\/www.facebook.com\/dialog\/share?app_id=113191652055439&amp;href=https%3A%2F%2Frfi.my%2F8qkz.F&amp;redirect_uri=https%3A%2F%2Fwww.rfi.fr%2Ffr%2Feurope%2F20221025-l-italie-fait-pleinement-partie-de-l-europe-et-du-monde-occidental-assure-giorgia-meloni&amp;locale=fr_FR\" target=\"_blank\"><\/a><a rel=\"noreferrer noopener\" href=\"https:\/\/twitter.com\/intent\/tweet?url=https%3A%2F%2Frfi.my%2F8qkz.T&amp;via=RFI&amp;related=rfi&amp;text=L%27Italie%20fait%20%C2%ABpleinement%20partie%20de%20l%27Europe%20et%20du%20monde%20occidental%C2%BB%2C%20assure%20Giorgia%20Meloni&amp;lang=fr\" target=\"_blank\"><\/a><a rel=\"noreferrer noopener\" href=\"https:\/\/web.whatsapp.com\/send?text=L%27Italie%20fait%20%C2%ABpleinement%20partie%20de%20l%27Europe%20et%20du%20monde%20occidental%C2%BB%2C%20assure%20Giorgia%20Meloni%20-%20https%3A%2F%2Frfi.my%2F8qkz.W\" target=\"_blank\"><\/a><\/p>\n","protected":false},"excerpt":{"rendered":"<p>Face au Parlement, la nouvelle Premi\u00e8re ministre italienne Giorgia Meloni a ni\u00e9 toute \u00ab\u00a0sympathie\u00a0\u00bb\u00a0ou \u00ab\u00a0proximit\u00e9\u00a0\u00bb\u00a0avec le fascisme, lors de son<\/p>\n","protected":false},"author":1,"featured_media":2299,"comment_status":"open","ping_status":"open","sticky":false,"template":"","format":"standard","meta":{"footnotes":""},"categories":[6],"tags":[],"class_list":["post-2298","post","type-post","status-publish","format-standard","has-post-thumbnail","hentry","category-politics"],"_links":{"self":[{"href":"https:\/\/dekkbi.com\/index.php?rest_route=\/wp\/v2\/posts\/2298","targetHints":{"allow":["GET"]}}],"collection":[{"href":"https:\/\/dekkbi.com\/index.php?rest_route=\/wp\/v2\/posts"}],"about":[{"href":"https:\/\/dekkbi.com\/index.php?rest_route=\/wp\/v2\/types\/post"}],"author":[{"embeddable":true,"href":"https:\/\/dekkbi.com\/index.php?rest_route=\/wp\/v2\/users\/1"}],"replies":[{"embeddable":true,"href":"https:\/\/dekkbi.com\/index.php?rest_route=%2Fwp%2Fv2%2Fcomments&post=2298"}],"version-history":[{"count":1,"href":"https:\/\/dekkbi.com\/index.php?rest_route=\/wp\/v2\/posts\/2298\/revisions"}],"predecessor-version":[{"id":2300,"href":"https:\/\/dekkbi.com\/index.php?rest_route=\/wp\/v2\/posts\/2298\/revisions\/2300"}],"wp:featuredmedia":[{"embeddable":true,"href":"https:\/\/dekkbi.com\/index.php?rest_route=\/wp\/v2\/media\/2299"}],"wp:attachment":[{"href":"https:\/\/dekkbi.com\/index.php?rest_route=%2Fwp%2Fv2%2Fmedia&parent=2298"}],"wp:term":[{"taxonomy":"category","embeddable":true,"href":"https:\/\/dekkbi.com\/index.php?rest_route=%2Fwp%2Fv2%2Fcategories&post=2298"},{"taxonomy":"post_tag","embeddable":true,"href":"https:\/\/dekkbi.com\/index.php?rest_route=%2Fwp%2Fv2%2Ftags&post=2298"}],"curies":[{"name":"wp","href":"https:\/\/api.w.org\/{rel}","templated":true}]}}