{"id":22892,"date":"2023-10-05T10:39:47","date_gmt":"2023-10-05T10:39:47","guid":{"rendered":"https:\/\/dekkbi.com\/?p=22892"},"modified":"2023-10-05T10:39:48","modified_gmt":"2023-10-05T10:39:48","slug":"la-france-engage-son-retrait-militaire-du-niger","status":"publish","type":"post","link":"https:\/\/dekkbi.com\/?p=22892","title":{"rendered":"La France engage son retrait militaire du Niger"},"content":{"rendered":"\n<p>C&rsquo;est le jour J pour les forces fran\u00e7aises au Sahel. Le d\u00e9sengagement des militaires fran\u00e7ais du Niger annonc\u00e9 par Emmanuel Macron le 24 septembre dernier commence ce jeudi 5 octobre. Pour l&rsquo;arm\u00e9e, le temps est compt\u00e9 puisque le retrait des 1\u00a0500 militaires fran\u00e7ais doit \u00eatre achev\u00e9 d&rsquo;ici \u00e0 la fin de l&rsquo;ann\u00e9e 2023.<\/p>\n\n\n\n<p>Les premiers \u00e0 plier bagage, indique l&rsquo;\u00e9tat-major des arm\u00e9es, sont les 400 soldats actuellement d\u00e9ploy\u00e9s \u00e0 Ouallam, le long de la fronti\u00e8re malo-nig\u00e9rienne. Ces militaires participaient \u00e0 l&rsquo;op\u00e9ration Almahaou avec les forces arm\u00e9es nig\u00e9riennes, pour s\u00e9curiser le Liptako nig\u00e9rien.<\/p>\n\n\n\n<p>Regroup\u00e9s en deux sous-groupes tactiques interarmes, \u00e0 Ouallam et Tabar\u00e9 Bar\u00e9, ces militaires fran\u00e7ais vont donc rejoindre Niamey par la route, avec, dans&nbsp;un premier temps, ce matin 4 octobre, l&rsquo;organisation des convois. Ils vont mettre en ordre de marche leurs v\u00e9hicules de combat, d\u00e9finir un itin\u00e9raire qu&rsquo;il va falloir s\u00e9curiser pour rejoindre la capitale nig\u00e9rienne. La distance n&rsquo;est pas tr\u00e8s longue&nbsp;\u2013&nbsp;une centaine de kilom\u00e8tres&nbsp;\u2013 mais selon l&rsquo;\u00e9tat des pistes, le trajet peut prendre deux jours. Une fois arriv\u00e9 \u00e0 la base a\u00e9rienne de Niamey, ces 400 soldats rejoindront imm\u00e9diatement la France par avion. \u00ab&nbsp;<em>En termes de&nbsp;conduite, on fera ce qui est planifi\u00e9. Nous fixons le tempo pour un d\u00e9part en bon ordre, en s\u00e9curit\u00e9 et en coordination avec les autorit\u00e9s locales<\/em>&nbsp;\u00bb,&nbsp;insistent des hauts grad\u00e9s.<\/p>\n\n\n\n<p>L&rsquo;\u00e9tat-major des arm\u00e9es ne commente pas les d\u00e9clarations de la junte qui ces derniers jours a justement laiss\u00e9 entendre que cette coordination technique n&rsquo;est pas acquise.<\/p>\n\n\n\n<p><\/p>\n\n\n\n<h2 class=\"wp-block-heading\">D\u00e9sengager la base a\u00e9rienne projet\u00e9e de Niamey en seulement trois mois<\/h2>\n\n\n\n<p>D\u00e9sengager la base a\u00e9rienne projet\u00e9e (BAP) de Niamey va repr\u00e9senter un consid\u00e9rable travail de planification. Mille hommes y sont stationn\u00e9s, entour\u00e9s de centaines de containers. Si la majorit\u00e9 des personnels seront \u00e9vacu\u00e9s par les airs, en revanche, la partie la plus lourde du fret le sera par la route.<\/p>\n\n\n\n<p>Le temps est compt\u00e9. Les soldats fran\u00e7ais doivent avoir quitt\u00e9 le Niger d&rsquo;ici \u00e0 la fin de l\u2019ann\u00e9e. L&rsquo;arm\u00e9e fran\u00e7aise doit donc trouver, hors du Niger, un<em>&nbsp;hub<\/em>&nbsp;logistique afin de centraliser le mat\u00e9riel \u00e9vacu\u00e9 avant de le renvoyer en France. Le port de Cotonou serait tout indiqu\u00e9, mais pour le moment la junte nig\u00e9rienne ne semble pas dispos\u00e9e \u00e0 ouvrir sa fronti\u00e8re avec le B\u00e9nin aux convois militaires fran\u00e7ais.<\/p>\n\n\n\n<p>L&rsquo;\u00e9quation logistique du d\u00e9part fran\u00e7ais pourrait par cons\u00e9quent se r\u00e9v\u00e9ler tr\u00e8s compliqu\u00e9e.<\/p>\n\n\n\n<p>En 2022, la France r\u00e9articulait la force Barkhane hors du Mali<\/p>\n\n\n\n<p>Le 17 f\u00e9vrier 2022, le pr\u00e9sident Emmanuel Macron annon\u00e7ait, en accord et en coordination avec les partenaires africains et europ\u00e9ens, la r\u00e9articulation de la&nbsp;force Barkhane&nbsp;hors du territoire malien. Cette man\u0153uvre s&rsquo;est d\u00e9roul\u00e9e pendant pr\u00e8s de dix mois, en trois phases.<\/p>\n\n\n\n<p>Lors de la phase 1, du 30 octobre 2021 au 15 d\u00e9cembre 2021, trois bases du nord du Mali, dont celle de Tombouctou, avaient \u00e9t\u00e9 d\u00e9plac\u00e9es vers Gao, dans le nord-est du Mali, repr\u00e9sentant un total de 140 v\u00e9hicules et 430 conteneurs. Lors de la phase 2, du 19 avril au 13 juin 2022, les bases du Gossi et M\u00e9naka,&nbsp;ainsi que 210 v\u00e9hicules et 1130 conteneurs,&nbsp;avaient \u00e9t\u00e9 transf\u00e9r\u00e9s vers Gao.&nbsp;La r\u00e9articulation de la force Barkhane hors du Mali s&rsquo;est achev\u00e9e par la r\u00e9trocession de la base de Gao, la plus grande base fran\u00e7aise en Afrique de l&rsquo;ouest, le 15 ao\u00fbt 2022. Celle-ci a \u00e9t\u00e9 transf\u00e9r\u00e9e vers Niamey.<\/p>\n\n\n\n<p>En chiffres, la r\u00e9articulation de la force barkhane hors du Mali repr\u00e9sente au total plus de 60 convois terrestres, 150 convois a\u00e9riens, 5 convois maritimes ainsi que 7200 conteneurs \u00e9vacu\u00e9s.<\/p>\n\n\n\n<p><em>(Source: minist\u00e8re des Arm\u00e9es)<\/em><\/p>\n\n\n\n<p><\/p>\n","protected":false},"excerpt":{"rendered":"<p>C&rsquo;est le jour J pour les forces fran\u00e7aises au Sahel. Le d\u00e9sengagement des militaires fran\u00e7ais du Niger annonc\u00e9 par Emmanuel<\/p>\n","protected":false},"author":1,"featured_media":22893,"comment_status":"open","ping_status":"open","sticky":false,"template":"","format":"standard","meta":{"footnotes":""},"categories":[51],"tags":[],"class_list":["post-22892","post","type-post","status-publish","format-standard","has-post-thumbnail","hentry","category-general"],"_links":{"self":[{"href":"https:\/\/dekkbi.com\/index.php?rest_route=\/wp\/v2\/posts\/22892","targetHints":{"allow":["GET"]}}],"collection":[{"href":"https:\/\/dekkbi.com\/index.php?rest_route=\/wp\/v2\/posts"}],"about":[{"href":"https:\/\/dekkbi.com\/index.php?rest_route=\/wp\/v2\/types\/post"}],"author":[{"embeddable":true,"href":"https:\/\/dekkbi.com\/index.php?rest_route=\/wp\/v2\/users\/1"}],"replies":[{"embeddable":true,"href":"https:\/\/dekkbi.com\/index.php?rest_route=%2Fwp%2Fv2%2Fcomments&post=22892"}],"version-history":[{"count":1,"href":"https:\/\/dekkbi.com\/index.php?rest_route=\/wp\/v2\/posts\/22892\/revisions"}],"predecessor-version":[{"id":22894,"href":"https:\/\/dekkbi.com\/index.php?rest_route=\/wp\/v2\/posts\/22892\/revisions\/22894"}],"wp:featuredmedia":[{"embeddable":true,"href":"https:\/\/dekkbi.com\/index.php?rest_route=\/wp\/v2\/media\/22893"}],"wp:attachment":[{"href":"https:\/\/dekkbi.com\/index.php?rest_route=%2Fwp%2Fv2%2Fmedia&parent=22892"}],"wp:term":[{"taxonomy":"category","embeddable":true,"href":"https:\/\/dekkbi.com\/index.php?rest_route=%2Fwp%2Fv2%2Fcategories&post=22892"},{"taxonomy":"post_tag","embeddable":true,"href":"https:\/\/dekkbi.com\/index.php?rest_route=%2Fwp%2Fv2%2Ftags&post=22892"}],"curies":[{"name":"wp","href":"https:\/\/api.w.org\/{rel}","templated":true}]}}