{"id":22889,"date":"2023-10-05T10:29:19","date_gmt":"2023-10-05T10:29:19","guid":{"rendered":"https:\/\/dekkbi.com\/?p=22889"},"modified":"2023-10-05T15:20:09","modified_gmt":"2023-10-05T15:20:09","slug":"renouvellement-du-parc-automobile-senegalais-400-bus-attendus-de-la-republique-tcheque","status":"publish","type":"post","link":"https:\/\/dekkbi.com\/?p=22889","title":{"rendered":"Parc automobile :\u00a0400 bus attendus de la R\u00e9publique Tch\u00e8que"},"content":{"rendered":"\n<p><strong>Participation fructueuse du S\u00e9n\u00e9gal au 27<sup>\u00e8me<\/sup>&nbsp;Congr\u00e8s mondial de la route qui se tient actuellement \u00e0 Prague, en R\u00e9publique Tch\u00e8que. Le Ministre Mansour Faye, qui y prend part, annonce l\u2019arriv\u00e9e de 400&nbsp;nouveaux bus dans le cadre du projet de renouvellement du parc.<\/strong><\/p>\n\n\n\n<p>Le Ministre des Infrastructures, des Transports terrestres et du D\u00e9senclavement, Mansour Faye, et son homologue de la R\u00e9publique Tch\u00e8que, M. Martin Kupka, ont eu une s\u00e9ance de travail, lundi&nbsp;2&nbsp;octobre 2023, \u00e0 Prague. Selon un communiqu\u00e9, les deux ministres et leurs collaborateurs ont \u00e9chang\u00e9 sur des projets de renouvellement du parc de v\u00e9hicules, avec l\u2019acheminement prochain d\u2019un lot de plus de 400&nbsp;bus de marque Iveco, de taxis urbains et de v\u00e9hicules minibus interurbains. Ces propositions ont \u00e9t\u00e9 faites en marge du 27<sup>\u00e8me<\/sup>&nbsp;Congr\u00e8s mondial de la route auquel participe le S\u00e9n\u00e9gal avec une forte d\u00e9l\u00e9gation, pr\u00e9cise-t-on dans le document. Ce Congr\u00e8s mondial est organis\u00e9 tous les quatre ans par l\u2019Association mondiale de la route (Piarc). La rencontre constitue un forum d\u2019\u00e9change de connaissances et d\u2019exp\u00e9riences sur les routes, les politiques et les pratiques du transport routier.<\/p>\n\n\n\n<p>&nbsp;Fond\u00e9e en 1909, cette association est compos\u00e9e de 125&nbsp;gouvernements membres du monde entier. Elle est dot\u00e9e du statut consultatif au Conseil \u00e9conomique et social aupr\u00e8s des Nations unies, l\u2019association contribue \u00e0 un d\u00e9veloppement mondial stable et durable du secteur routier et du transport.<\/p>\n\n\n\n<p>Hier, au lendemain de l\u2019ouverture du congr\u00e8s, renseigne un autre communiqu\u00e9 du minist\u00e8re des Infrastructures, Mansour Faye a proc\u00e9d\u00e9 \u00e0 l\u2019ouverture officielle du stand du S\u00e9n\u00e9gal. C\u2019\u00e9tait en pr\u00e9sence du Pr\u00e9sident du Piarc, Nazir Alli, du secr\u00e9taire g\u00e9n\u00e9ral, Patrique Mallejack, du 1<sup>er<\/sup>&nbsp;d\u00e9l\u00e9gu\u00e9 du S\u00e9n\u00e9gal aupr\u00e8s de Piarc, Alassane Camara, du Pr\u00e9sident du comit\u00e9 national Samba Diallo et de l\u2019ensemble des membres de la d\u00e9l\u00e9gation s\u00e9n\u00e9galaise.<\/p>\n\n\n\n<p><strong>Maguette Gu\u00e8ye DI\u00c9DHIOU<\/strong><\/p>\n\n\n\n<p>LESOLEIL<\/p>\n","protected":false},"excerpt":{"rendered":"<p>Participation fructueuse du S\u00e9n\u00e9gal au 27\u00e8me&nbsp;Congr\u00e8s mondial de la route qui se tient actuellement \u00e0 Prague, en R\u00e9publique Tch\u00e8que. Le<\/p>\n","protected":false},"author":1,"featured_media":22890,"comment_status":"open","ping_status":"open","sticky":false,"template":"","format":"standard","meta":{"footnotes":""},"categories":[3],"tags":[],"class_list":["post-22889","post","type-post","status-publish","format-standard","has-post-thumbnail","hentry","category-event-more-news"],"_links":{"self":[{"href":"https:\/\/dekkbi.com\/index.php?rest_route=\/wp\/v2\/posts\/22889","targetHints":{"allow":["GET"]}}],"collection":[{"href":"https:\/\/dekkbi.com\/index.php?rest_route=\/wp\/v2\/posts"}],"about":[{"href":"https:\/\/dekkbi.com\/index.php?rest_route=\/wp\/v2\/types\/post"}],"author":[{"embeddable":true,"href":"https:\/\/dekkbi.com\/index.php?rest_route=\/wp\/v2\/users\/1"}],"replies":[{"embeddable":true,"href":"https:\/\/dekkbi.com\/index.php?rest_route=%2Fwp%2Fv2%2Fcomments&post=22889"}],"version-history":[{"count":4,"href":"https:\/\/dekkbi.com\/index.php?rest_route=\/wp\/v2\/posts\/22889\/revisions"}],"predecessor-version":[{"id":22940,"href":"https:\/\/dekkbi.com\/index.php?rest_route=\/wp\/v2\/posts\/22889\/revisions\/22940"}],"wp:featuredmedia":[{"embeddable":true,"href":"https:\/\/dekkbi.com\/index.php?rest_route=\/wp\/v2\/media\/22890"}],"wp:attachment":[{"href":"https:\/\/dekkbi.com\/index.php?rest_route=%2Fwp%2Fv2%2Fmedia&parent=22889"}],"wp:term":[{"taxonomy":"category","embeddable":true,"href":"https:\/\/dekkbi.com\/index.php?rest_route=%2Fwp%2Fv2%2Fcategories&post=22889"},{"taxonomy":"post_tag","embeddable":true,"href":"https:\/\/dekkbi.com\/index.php?rest_route=%2Fwp%2Fv2%2Ftags&post=22889"}],"curies":[{"name":"wp","href":"https:\/\/api.w.org\/{rel}","templated":true}]}}