{"id":22802,"date":"2023-10-04T11:14:19","date_gmt":"2023-10-04T11:14:19","guid":{"rendered":"https:\/\/dekkbi.com\/?p=22802"},"modified":"2023-10-04T11:20:10","modified_gmt":"2023-10-04T11:20:10","slug":"repartition-des-benefices-des-mines-amadou-ba-chercher-le-bon-filon","status":"publish","type":"post","link":"https:\/\/dekkbi.com\/?p=22802","title":{"rendered":"R\u00e9partition des b\u00e9n\u00e9fices des mines : le Premier ministre Amadou Ba chercher le bon filon"},"content":{"rendered":"\n<p><strong>Le secteur minier s\u00e9n\u00e9galais s\u2019est bonifi\u00e9, selon le Premier ministre, gr\u00e2ce aux r\u00e9formes et projets d\u00e9clin\u00e9s dans le Plan S\u00e9n\u00e9gal \u00e9mergent (Pse) pour le secteur. Amadou Ba a donn\u00e9 un aper\u00e7u des bons points acquis dans le secteur extractif, apr\u00e8s une d\u00e9cennie d\u2019ex\u00e9cution du Pse.<\/strong><\/p>\n\n\n\n<p><strong>Par Alioune Badara NDIAYE (Correspondant) \u2013&nbsp;<\/strong>Les projets et r\u00e9formes mis en \u0153uvre dans le secteur minier, inscrits au rang de priorit\u00e9 dans le Plan S\u00e9n\u00e9gal \u00e9mergent (Pse), sont \u00e0 l\u2019origine des points engrang\u00e9s dans le secteur apr\u00e8s 10 ans d\u2019ex\u00e9cution du Pse, r\u00e9f\u00e9rentiel des politiques publiques. C\u2019est ce qu\u2019a fait savoir hier, le Premier ministre Amadou Ba, proc\u00e9dant \u00e0 l\u2019ouverture officielle de la 7\u00e8me \u00e9dition du Salon international des mines (Sim 2023) au Centre international de conf\u00e9rence Abdou Diouf (Cicad), \u00e0 laquelle le ministre des Mines et de la g\u00e9ologie, Oumar Sarr, son coll\u00e8gue tchadien et plusieurs autres personnalit\u00e9s ont pris part. \u00abIl faut relever et se f\u00e9liciter des r\u00e9sultats d\u00e9j\u00e0 obtenus dans la mise en \u0153uvre des projets et r\u00e9formes phare du secteur, notamment dans les deux premi\u00e8res phases du Pse. Les \u00e9valuations de la premi\u00e8re d\u00e9cennie du Pse montrent que le secteur minier est un v\u00e9ritable moteur de croissance et un levier du d\u00e9veloppement \u00e9conomique et social\u00bb, a-t-il fi\u00e8rement agit\u00e9 dans son allocution inaugurale. Confortant son propos, le Pm a fait de l\u2019apn\u00e9e dans le sous-sol pour exhiber les donn\u00e9es enregistr\u00e9es pour l\u2019ann\u00e9e 2021 dans le secteur. \u00abLe secteur minier a contribu\u00e9 \u00e0 hauteur de 4, 8% du Pib. La production totale des produits miniers (ciment, acide phosphorique et engrais) est pass\u00e9e de 1142 milliards en 2020 \u00e0 1508 milliards de francs Cfa en 2021, soit une hausse de 24%\u00bb, a-t-il brandi, avant d\u2019aller plus dans le d\u00e9tail. \u00abCette production en 2021 est essentiellement port\u00e9e par l\u2019or avec 512 milliards, soit 34% de la production totale, suivi du ciment, \u00e9valu\u00e9 \u00e0 341 milliards, soit 22%, de l\u2019acide phosphorique avec une production 298 milliards, soit 19%, des phosphates avec 79 milliards, 5, 3%, de l\u2019ilm\u00e9nite avec 74 milliards, 5, 1%, et du zircon avec 62 milliards, soit 4, 1%\u00bb, a indiqu\u00e9 le Pm ayant repr\u00e9sent\u00e9 le Pr\u00e9sident Macky Sall \u00e0 la rencontre. Y allant encore plus en profondeur, M. Ba exhibe : \u00abLa valeur ajout\u00e9e du secteur extractif est pass\u00e9e de 598 en 2020 \u00e0 730 milliards de francs Cfa en 2021, soit une hausse de 22%.&nbsp; L\u2019effectif de la main-d\u2019\u0153uvre dans le secteur minier industriel est pass\u00e9 de 9508 \u00e0 11 213 travailleurs entre 2020 et 2021, pour une masse salariale de 101 milliards, le secteur artisanal, quant \u00e0 lui, emploie environ 30 000 personnes.\u00bb Il a soutenu, toujours \u00e0 ce chapitre, que les recettes fiscales du secteur extractif s\u2019\u00e9l\u00e8vent en 2021 \u00e0 206 milliards (dont 190 milliards pour le secteur minier), soit 8% des recettes budg\u00e9taires hors dons de l\u2019Etat.<\/p>\n\n\n\n<p><strong>R\u00e9\u00e9quilibrer la gouvernance des ressources min\u00e9rales<\/strong><br>Revenant sur terre, le Pm a \u00e9voqu\u00e9 la justesse du th\u00e8me choisi pour cette \u00e9dition&nbsp;: \u00abLes g\u00e9osciences et l\u2019exploitation responsable des ressources min\u00e9rales : d\u00e9fis et opportunit\u00e9s pour le d\u00e9veloppement \u00e9conomique et social.\u00bb \u00abCe th\u00e8me permet aux sp\u00e9cialistes que vous \u00eates, d\u2019avoir de riches \u00e9changes par rapport au bilan de notre politique mini\u00e8re et contribuer \u00e0 la mise en \u0153uvre de l\u2019orientation d\u00e9finie par l\u2019Union africaine pour une utilisation strat\u00e9gique par le continent de ses ressources mini\u00e8res, afin d\u2019assurer son d\u00e9veloppement\u00bb, a-t-il dit. Le Pm a par la m\u00eame occasion, fait savoir que le gouvernement qu\u2019il dirige a pour objectif dans ce secteur de r\u00e9\u00e9quilibrer la gouvernance des ressources min\u00e9rales, par le maintien de l\u2019attractivit\u00e9 du secteur et la promotion d\u2019un partenariat mutuellement avantageux entre l\u2019Etat, les investisseurs et les communaut\u00e9s h\u00f4tes. \u00abPour atteindre ce r\u00e9sultat et pour une meilleure prise en charge des enjeux et d\u00e9fis actuels et futurs, il est primordial d\u2019am\u00e9liorer la connaissance de la g\u00e9ologie et des potentialit\u00e9s min\u00e9rales en mettant un accent particulier sur le d\u00e9veloppement des g\u00e9osciences et le respect des meilleures normes d\u2019exploitation\u00bb, a-t-il indiqu\u00e9.<\/p>\n\n\n\n<p>C\u2019est le sens m\u00eame de la tenue du salon depuis 13 ans, \u00e0 en croire Saliou Samb, directeur de la G\u00e9ologie et pr\u00e9sident du comit\u00e9 d\u2019organisation du Sim. \u00abAu-del\u00e0 du caract\u00e8re promotionnel et du cadre d\u2019\u00e9changes qu\u2019il offre, le Sim S\u00e9n\u00e9gal constitue une occasion biannuelle de faire le bilan des r\u00e9alisations dans le secteur minier, les avanc\u00e9es et bonnes pratiques, mais aussi de formuler des recommandations pour la prise en charge des d\u00e9fis actuels et \u00e0 venir\u00bb, a-t-il prononc\u00e9 au pupitre&nbsp;; non sans \u00e9voquer les r\u00e9formes institutionnelles op\u00e9r\u00e9es pour plus d\u2019efficience avec la r\u00e9organisation du minist\u00e8re des Mines et de la g\u00e9ologie, avec notamment la cr\u00e9ation de la Somisen et du Service g\u00e9ologique national du S\u00e9n\u00e9gal (Sgns). \u00abLes conclusions et recommandations qui seront tir\u00e9es du Sim permettront, sans nul doute, de promouvoir une meilleure connaissance de notre sous-sol et de continuer \u00e0 asseoir une exploitation mini\u00e8re durable au b\u00e9n\u00e9fice des populations de notre pays\u00bb, a soulign\u00e9 de son c\u00f4t\u00e9, avec optimisme, le Premier ministre. La c\u00e9r\u00e9monie inaugurale a aussi \u00e9t\u00e9 l\u2019occasion de primer les vainqueurs du \u00abHackathon Min\u2019Ovation\u00bb, qui consacre depuis 3 \u00e9ditions les meilleures innovations technologiques en rapport avec le secteur minier. Les deux premiers prix sont revenus \u00e0 l\u2019Institut national du p\u00e9trole et du gaz (Inpg), et le 3e \u00e0 l\u2019universit\u00e9 Amadou Makhtar Mbow.<\/p>\n\n\n\n<p><br><strong>abndiaye@lequotidien.sn&nbsp;<\/strong><\/p>\n","protected":false},"excerpt":{"rendered":"<p>Le secteur minier s\u00e9n\u00e9galais s\u2019est bonifi\u00e9, selon le Premier ministre, gr\u00e2ce aux r\u00e9formes et projets d\u00e9clin\u00e9s dans le Plan S\u00e9n\u00e9gal<\/p>\n","protected":false},"author":1,"featured_media":22803,"comment_status":"open","ping_status":"open","sticky":false,"template":"","format":"standard","meta":{"footnotes":""},"categories":[3],"tags":[],"class_list":["post-22802","post","type-post","status-publish","format-standard","has-post-thumbnail","hentry","category-event-more-news"],"_links":{"self":[{"href":"https:\/\/dekkbi.com\/index.php?rest_route=\/wp\/v2\/posts\/22802","targetHints":{"allow":["GET"]}}],"collection":[{"href":"https:\/\/dekkbi.com\/index.php?rest_route=\/wp\/v2\/posts"}],"about":[{"href":"https:\/\/dekkbi.com\/index.php?rest_route=\/wp\/v2\/types\/post"}],"author":[{"embeddable":true,"href":"https:\/\/dekkbi.com\/index.php?rest_route=\/wp\/v2\/users\/1"}],"replies":[{"embeddable":true,"href":"https:\/\/dekkbi.com\/index.php?rest_route=%2Fwp%2Fv2%2Fcomments&post=22802"}],"version-history":[{"count":2,"href":"https:\/\/dekkbi.com\/index.php?rest_route=\/wp\/v2\/posts\/22802\/revisions"}],"predecessor-version":[{"id":22808,"href":"https:\/\/dekkbi.com\/index.php?rest_route=\/wp\/v2\/posts\/22802\/revisions\/22808"}],"wp:featuredmedia":[{"embeddable":true,"href":"https:\/\/dekkbi.com\/index.php?rest_route=\/wp\/v2\/media\/22803"}],"wp:attachment":[{"href":"https:\/\/dekkbi.com\/index.php?rest_route=%2Fwp%2Fv2%2Fmedia&parent=22802"}],"wp:term":[{"taxonomy":"category","embeddable":true,"href":"https:\/\/dekkbi.com\/index.php?rest_route=%2Fwp%2Fv2%2Fcategories&post=22802"},{"taxonomy":"post_tag","embeddable":true,"href":"https:\/\/dekkbi.com\/index.php?rest_route=%2Fwp%2Fv2%2Ftags&post=22802"}],"curies":[{"name":"wp","href":"https:\/\/api.w.org\/{rel}","templated":true}]}}