{"id":22799,"date":"2023-10-04T11:10:12","date_gmt":"2023-10-04T11:10:12","guid":{"rendered":"https:\/\/dekkbi.com\/?p=22799"},"modified":"2023-10-04T11:10:13","modified_gmt":"2023-10-04T11:10:13","slug":"medias-autoregulation-sept-nouveaux-membres-integrent-le-tribunal-des-pairs-du-cored","status":"publish","type":"post","link":"https:\/\/dekkbi.com\/?p=22799","title":{"rendered":"MEDIAS-AUTOREGULATION \/ Sept nouveaux membres int\u00e8grent le tribunal des pairs du CORED"},"content":{"rendered":"\n<p>Dakar, (APS) \u2013 Le Conseil pour l\u2019observation des r\u00e8gles d\u2019\u00e9thique et de d\u00e9ontologie dans les m\u00e9dias au S\u00e9n\u00e9gal (CORED) a proc\u00e9d\u00e9, mardi, \u00e0 Dakar, \u00e0 l\u2019installation de son nouveau tribunal des pairs, que viennent d\u2019int\u00e9grer sept membres.<\/p>\n\n\n\n<p>La c\u00e9r\u00e9monie a \u00e9t\u00e9 pr\u00e9sid\u00e9e par le garde des Sceaux, ministre de la Justice, Isma\u00efla Madior Fall.<\/p>\n\n\n\n<p>Cheikh Malick Coly, adjoint du chef du service des sports du quotidien Le Soleil, Courani Diarra, directrice d\u2019une agence de communication et formatrice \u00e0 E-jicom, une \u00e9cole de journalisme et des m\u00e9tiers de l\u2019Internet bas\u00e9e \u00e0 Dakar, et Babacar Diop, ancien coordonnateur de Week-end Magazine, une publication du groupe Avenir Communication, font partie des nouveaux membres de cette instance d\u2019autor\u00e9gulation des m\u00e9dias.<\/p>\n\n\n\n<p>Ma\u00efmouna Gu\u00e8ye, membre du directoire de la r\u00e9daction du journal Le Soleil, Cheikh Tidiane Ndiaye, ancien directeur de la r\u00e9daction de l\u2019APS, Awa Thiao, journaliste \u00e0 Sud FM, et Raki No\u00eblle Wane, cheffe de d\u00e9partement \u00e0 la RTS, ont \u00e9galement rejoint le tribunal des pairs du CORED en remplacement d\u2019autres membres.<\/p>\n\n\n\n<p>Lors de la c\u00e9r\u00e9monie d\u2019installation des nouveaux membres de cette instance, Mamadou Thior, le pr\u00e9sident du CORED, s\u2019est r\u00e9joui du travail \u2018\u2019remarquable\u2019\u2019 des membres sortants.<\/p>\n\n\n\n<p>\u2018\u2019Le premier tribunal des pairs n\u2019a vid\u00e9 qu\u2019une douzaine d\u2019affaires. Celui qui vient de terminer son mandat a statu\u00e9 sur 41 affaires en trois ans, plus que le triple. En moyenne, plus d\u2019une affaire par mois\u2019\u2019, a soulign\u00e9 Thior. Quarante et un avis ont \u00e9t\u00e9 rendus par le tribunal sortant, \u00e0 la suite de 15 plaintes re\u00e7ues et de 26 \u2018\u2019autosaisines\u2019\u2019 du CORED.<\/p>\n\n\n\n<p>Le tribunal a prononc\u00e9 44 avertissements et 15 bl\u00e2mes au cours des trois derni\u00e8res ann\u00e9es, a recommand\u00e9 deux droits de r\u00e9ponse et a prononc\u00e9 17 relaxes, apr\u00e8s le traitement de dossiers concernant 50 entreprises des m\u00e9dias \u2013 des secteurs public et priv\u00e9, selon Mamadou Thior.<\/p>\n\n\n\n<p><strong>\u2018\u2019Retrait temporaire ou d\u00e9finitif de la carte nationale de presse\u2019\u2019&nbsp;<\/strong><\/p>\n\n\n\n<p>\u2018\u2019Depuis 2014, c\u2019est la troisi\u00e8me fois que le CORED proc\u00e8de \u00e0 l\u2019installation de son tribunal des pairs\u2019\u2019, a rappel\u00e9 son pr\u00e9sident. Il a d\u00e9plor\u00e9 le faible niveau de diffusion des d\u00e9cisions rendues, m\u00eame s\u2019il constate que \u2018\u2019les choses commencent \u00e0 changer\u2019\u2019, certaines d\u00e9cisions ayant \u00e9t\u00e9 publi\u00e9es par des quotidiens et des sites d\u2019information.<\/p>\n\n\n\n<p>Le CORED invite les radios et les cha\u00eenes de t\u00e9l\u00e9vision \u00e0 faire de m\u00eame. \u2018\u2019Face \u00e0 cette cat\u00e9gorie de professionnels des m\u00e9dias qui ne respectent pas les r\u00e8gles\u2019\u2019 d\u2019\u00e9thique et de d\u00e9ontologie des m\u00e9dias, le tribunal des pairs pourrait demander \u2018\u2019le retrait temporaire ou d\u00e9finitif de la carte nationale de presse\u2019\u2019 des contrevenants, a pr\u00e9venu Thior.<\/p>\n\n\n\n<p>Il a annonc\u00e9 la cr\u00e9ation d\u2019un prix de l\u2019\u00e9thique et de la d\u00e9ontologie, qui sera d\u00e9cern\u00e9 aux professionnels des m\u00e9dias les plus respectueux des r\u00e8gles qui encadrent le journalisme.<\/p>\n\n\n\n<p>\u2018\u2019Le tribunal des pairs, organe ind\u00e9pendant et autonome, a pour mission de juger les pratiques professionnelles et de sanctionner en cas de manquement aux r\u00e8gles \u00e9thiques et d\u00e9ontologiques\u2019\u2019, rappelle le Conseil pour l\u2019observation des r\u00e8gles d\u2019\u00e9thique et de d\u00e9ontologie dans les m\u00e9dias au S\u00e9n\u00e9gal, dans un communiqu\u00e9.<\/p>\n\n\n\n<p>Ousseynou Dieng, le directeur de la communication au minist\u00e8re de la Communication, des T\u00e9l\u00e9communications et de l\u2019\u00c9conomie num\u00e9rique, a promis le soutien de la tutelle minist\u00e9rielle du CORED \u00e0 cette instance d\u2019autor\u00e9gulation.<\/p>\n\n\n\n<p>\u2018\u2019Notre d\u00e9partement minist\u00e9riel publiera, avant la fin du mois d\u2019octobre, la liste de tous les organes de presse reconnus, qui qui respectent les crit\u00e8res obligatoires \u00e9nonc\u00e9s dans le code de la presse\u2019\u2019, a-t-il annonc\u00e9.<\/p>\n\n\n\n<p>Voici la composition actuelle du tribunal des pairs du CORED :<\/p>\n\n\n\n<ul class=\"wp-block-list\">\n<li>Cheikh Malick Coly (Le Soleil)<\/li>\n\n\n\n<li>Courani Diarra (formatrice)<\/li>\n\n\n\n<li>Mamadou Cellou Diallo (photojournaliste, AFP)<\/li>\n\n\n\n<li>Amadou Moustapha Diop (technicien audiovisuel, retrait\u00e9 de la RTS)<\/li>\n\n\n\n<li>Babacar Diop<\/li>\n\n\n\n<li>Tidiane Kass\u00e9<\/li>\n\n\n\n<li>Ma\u00efmouna Gu\u00e8ye (Le Soleil)<\/li>\n\n\n\n<li>Seynabou Diop Mbodji<\/li>\n\n\n\n<li>Cheikh Tidiane Ndiaye<\/li>\n\n\n\n<li>Ibrahima Souleymane Ndiaye<\/li>\n\n\n\n<li>Awa Thiao (Sud FM)<\/li>\n\n\n\n<li>Raki No\u00eblle Wane (RTS)<\/li>\n<\/ul>\n\n\n\n<p>LBD\/ESF\/OID<\/p>\n","protected":false},"excerpt":{"rendered":"<p>Dakar, (APS) \u2013 Le Conseil pour l\u2019observation des r\u00e8gles d\u2019\u00e9thique et de d\u00e9ontologie dans les m\u00e9dias au S\u00e9n\u00e9gal (CORED) a<\/p>\n","protected":false},"author":1,"featured_media":22800,"comment_status":"open","ping_status":"open","sticky":false,"template":"","format":"standard","meta":{"footnotes":""},"categories":[21],"tags":[],"class_list":["post-22799","post","type-post","status-publish","format-standard","has-post-thumbnail","hentry","category-societe"],"_links":{"self":[{"href":"https:\/\/dekkbi.com\/index.php?rest_route=\/wp\/v2\/posts\/22799","targetHints":{"allow":["GET"]}}],"collection":[{"href":"https:\/\/dekkbi.com\/index.php?rest_route=\/wp\/v2\/posts"}],"about":[{"href":"https:\/\/dekkbi.com\/index.php?rest_route=\/wp\/v2\/types\/post"}],"author":[{"embeddable":true,"href":"https:\/\/dekkbi.com\/index.php?rest_route=\/wp\/v2\/users\/1"}],"replies":[{"embeddable":true,"href":"https:\/\/dekkbi.com\/index.php?rest_route=%2Fwp%2Fv2%2Fcomments&post=22799"}],"version-history":[{"count":1,"href":"https:\/\/dekkbi.com\/index.php?rest_route=\/wp\/v2\/posts\/22799\/revisions"}],"predecessor-version":[{"id":22801,"href":"https:\/\/dekkbi.com\/index.php?rest_route=\/wp\/v2\/posts\/22799\/revisions\/22801"}],"wp:featuredmedia":[{"embeddable":true,"href":"https:\/\/dekkbi.com\/index.php?rest_route=\/wp\/v2\/media\/22800"}],"wp:attachment":[{"href":"https:\/\/dekkbi.com\/index.php?rest_route=%2Fwp%2Fv2%2Fmedia&parent=22799"}],"wp:term":[{"taxonomy":"category","embeddable":true,"href":"https:\/\/dekkbi.com\/index.php?rest_route=%2Fwp%2Fv2%2Fcategories&post=22799"},{"taxonomy":"post_tag","embeddable":true,"href":"https:\/\/dekkbi.com\/index.php?rest_route=%2Fwp%2Fv2%2Ftags&post=22799"}],"curies":[{"name":"wp","href":"https:\/\/api.w.org\/{rel}","templated":true}]}}