{"id":22781,"date":"2023-10-04T10:27:14","date_gmt":"2023-10-04T10:27:14","guid":{"rendered":"https:\/\/dekkbi.com\/?p=22781"},"modified":"2023-10-04T10:27:15","modified_gmt":"2023-10-04T10:27:15","slug":"slovaquie-trois-pays-instaurent-des-controles-aux-frontieres-face-a-la-hausse-de-limmigration","status":"publish","type":"post","link":"https:\/\/dekkbi.com\/?p=22781","title":{"rendered":"Slovaquie: trois pays instaurent des contr\u00f4les aux fronti\u00e8res face \u00e0 la hausse de l&rsquo;immigration"},"content":{"rendered":"\n<p>La Pologne, la R\u00e9publique Tch\u00e8que et l&rsquo;Autriche ont introduit, pour dix jours, des contr\u00f4les \u00e0 leurs fronti\u00e8res avec la Slovaquie, mardi 23 octobre \u00e0 partir de minuit. La mesure vise \u00e0 endiguer l&rsquo;immigration irr\u00e9guli\u00e8re, en hausse depuis le d\u00e9but de l&rsquo;ann\u00e9e sur le territoire slovaque.<\/p>\n\n\n\n<p>La mesure pourra \u00eatre prolong\u00e9e si n\u00e9cessaire. Dix&nbsp;jours, c&rsquo;est un minimum pour le conservateur Gerhard Karner, ministre autrichien de l&rsquo;Int\u00e9rieur, qui affiche son objectif de \u00ab&nbsp;<em>contr\u00f4ler efficacement, avant que les passeurs ne changent d&rsquo;itin\u00e9raire&nbsp;<\/em>\u00bb. Car la Slovaquie a bien constat\u00e9 une augmentation&nbsp;<strong><a href=\"https:\/\/www.rfi.fr\/fr\/europe\/20230926-la-pologne-veut-op%C3%A9rer-des-contr%C3%B4les-%C3%A0-ses-fronti%C3%A8res-avec-la-slovaquie\">du nombre de migrants ill\u00e9gaux<\/a><\/strong>&nbsp;sur son territoire :&nbsp;24&nbsp;000 depuis le d\u00e9but de l&rsquo;ann\u00e9e 2023, selon la police slovaque, contre 10&nbsp;000 pour l&rsquo;ensemble de l&rsquo;ann\u00e9e 2022, et quelques centaines les ann\u00e9es pr\u00e9c\u00e9dentes.<\/p>\n\n\n\n<p>Le ph\u00e9nom\u00e8ne est donc r\u00e9cent et il \u00e9tait l&rsquo;un des&nbsp;<a href=\"https:\/\/www.rfi.fr\/fr\/europe\/20231002-slovaquie-robert-fico-officiellement-charg%C3%A9-de-former-un-gouvernement\"><strong>enjeux des \u00e9lections l\u00e9gislatives de samedi 30 septembre<\/strong><\/a>.<\/p>\n\n\n\n<p>Le populiste&nbsp;<strong><a href=\"https:\/\/www.rfi.fr\/fr\/europe\/20231002-slovaquie-robert-fico-officiellement-charg%C3%A9-de-former-un-gouvernement\">Robert Fico<\/a><\/strong>, nouveau Premier ministre, promettait d&rsquo;introduire des contr\u00f4les avec la Hongrie.&nbsp;Les deux pays partagent 600 kilom\u00e8tres de fronti\u00e8re au sud de la Slovaquie, un lieu de passage privil\u00e9gi\u00e9 par les migrants.<\/p>\n\n\n\n<p>Dans l&rsquo;imm\u00e9diat, le Premier ministre slovaque sortant Ludovit Odor a r\u00e9agi, appelant notamment \u00e0 une r\u00e9ponse europ\u00e9enne sur le dossier de la migration. Mais les Vingt-Sept tardent toujours \u00e0 s&rsquo;accorder sur la r\u00e9forme du syst\u00e8me migratoire europ\u00e9en. Une mesure-cl\u00e9, notamment celle d&rsquo;allonger la dur\u00e9e de d\u00e9tention des migrants aux fronti\u00e8res ext\u00e9rieure de l&rsquo;UE, ne fait pas l&rsquo;unanimit\u00e9.<\/p>\n\n\n\n<p>SOURCE RFI<\/p>\n","protected":false},"excerpt":{"rendered":"<p>La Pologne, la R\u00e9publique Tch\u00e8que et l&rsquo;Autriche ont introduit, pour dix jours, des contr\u00f4les \u00e0 leurs fronti\u00e8res avec la Slovaquie,<\/p>\n","protected":false},"author":1,"featured_media":22782,"comment_status":"open","ping_status":"open","sticky":false,"template":"","format":"standard","meta":{"footnotes":""},"categories":[26],"tags":[],"class_list":["post-22781","post","type-post","status-publish","format-standard","has-post-thumbnail","hentry","category-fait-divers"],"_links":{"self":[{"href":"https:\/\/dekkbi.com\/index.php?rest_route=\/wp\/v2\/posts\/22781","targetHints":{"allow":["GET"]}}],"collection":[{"href":"https:\/\/dekkbi.com\/index.php?rest_route=\/wp\/v2\/posts"}],"about":[{"href":"https:\/\/dekkbi.com\/index.php?rest_route=\/wp\/v2\/types\/post"}],"author":[{"embeddable":true,"href":"https:\/\/dekkbi.com\/index.php?rest_route=\/wp\/v2\/users\/1"}],"replies":[{"embeddable":true,"href":"https:\/\/dekkbi.com\/index.php?rest_route=%2Fwp%2Fv2%2Fcomments&post=22781"}],"version-history":[{"count":1,"href":"https:\/\/dekkbi.com\/index.php?rest_route=\/wp\/v2\/posts\/22781\/revisions"}],"predecessor-version":[{"id":22783,"href":"https:\/\/dekkbi.com\/index.php?rest_route=\/wp\/v2\/posts\/22781\/revisions\/22783"}],"wp:featuredmedia":[{"embeddable":true,"href":"https:\/\/dekkbi.com\/index.php?rest_route=\/wp\/v2\/media\/22782"}],"wp:attachment":[{"href":"https:\/\/dekkbi.com\/index.php?rest_route=%2Fwp%2Fv2%2Fmedia&parent=22781"}],"wp:term":[{"taxonomy":"category","embeddable":true,"href":"https:\/\/dekkbi.com\/index.php?rest_route=%2Fwp%2Fv2%2Fcategories&post=22781"},{"taxonomy":"post_tag","embeddable":true,"href":"https:\/\/dekkbi.com\/index.php?rest_route=%2Fwp%2Fv2%2Ftags&post=22781"}],"curies":[{"name":"wp","href":"https:\/\/api.w.org\/{rel}","templated":true}]}}