{"id":22777,"date":"2023-10-04T10:23:09","date_gmt":"2023-10-04T10:23:09","guid":{"rendered":"https:\/\/dekkbi.com\/?p=22777"},"modified":"2023-10-04T10:24:00","modified_gmt":"2023-10-04T10:24:00","slug":"portugal-fin-du-cadeau-fiscal-pour-les-retraites-etrangers","status":"publish","type":"post","link":"https:\/\/dekkbi.com\/?p=22777","title":{"rendered":"Portugal: fin du cadeau fiscal pour les retrait\u00e9s \u00e9trangers"},"content":{"rendered":"\n<p>Le Premier ministre portugais Antonio Costa a annonc\u00e9 pour 2024 la suppression du statut de r\u00e9sident retrait\u00e9 \u00e9tranger, l\u2019une des mesures contest\u00e9es de la politique d\u2019investissement en raison de ses effets sur le logement.<\/p>\n\n\n\n<p>Il y a environ 10&nbsp;000 statuts de r\u00e9sident retrait\u00e9 non habituel qui ont \u00e9t\u00e9 attribu\u00e9s depuis 2009, \u00e9crit notre correspondante \u00e0 Lisbonne<em>,<\/em>&nbsp;<strong>Marie-Line Darcy<\/strong>. Les Fran\u00e7ais en b\u00e9n\u00e9ficient majoritairement suivis des Italiens et des Britanniques. Derri\u00e8re ce petit nombre de retrait\u00e9s \u00e9trangers se cache un v\u00e9ritable pouvoir d\u2019attraction qui a aimant\u00e9 de nombreuses personnes qui ne cherchaient pas sp\u00e9cialement \u00e0 b\u00e9n\u00e9ficier de ce statut.<\/p>\n\n\n\n<h2 class=\"wp-block-heading\">Les investissements ont fait un bond<\/h2>\n\n\n\n<p>La publicit\u00e9 sur un cadre de vie idyllique a attir\u00e9 aussi de nombreux actifs dont certains b\u00e9n\u00e9ficient aussi d\u2019avantages fiscaux. Des r\u00e9gions comme l\u2019Algarve, la c\u00f4te atlantique au nord et au sud de Lisbonne, ou bien encore Porto ont d\u00e9clench\u00e9 l\u2019enthousiasme des populations europ\u00e9ennes. L\u2019investissement \u00e9tranger dans l\u2019immobilier a alors fait un bond consid\u00e9rable.<\/p>\n\n\n\n<p>Celui-ci repr\u00e9sente actuellement 13% du PIB du pays contre 4% en 2008. Il s\u2019agit souvent d\u2019investissements touristiques. Et les prix flambent&nbsp;: on observe 78% d\u2019augmentation cumul\u00e9e entre 2012 et 2021, contre 35% en moyenne en Europe. L\u2019annonce du Premier ministre Antonio Costa d&rsquo;en finir avec ce dispositif, fortement symbolique, est probablement destin\u00e9 \u00e0 d\u00e9samorcer la crise qui couve.&nbsp;<\/p>\n\n\n\n<h2 class=\"wp-block-heading\">Manifestations<\/h2>\n\n\n\n<p>Dans ce contexte, des milliers de Portugais sont en effet descendus, samedi 30 septembre, dans les rues de Lisbonne et d&rsquo;une vingtaine d&rsquo;autres villes du pays, pour r\u00e9clamer une action plus ferme de la part du gouvernement. \u00ab&nbsp;<em>Je ne cache pas une certaine frustration, pour ne pas dire une grosse frustration, de constater que la r\u00e9alit\u00e9 a \u00e9t\u00e9 beaucoup plus dynamique que la capacit\u00e9 de r\u00e9ponse politique&nbsp;<\/em>\u00bb, a admis le Premier ministre dans une interview, le 1er octobre.<\/p>\n\n\n\n<p>Son ex\u00e9cutif a r\u00e9cemment adopt\u00e9 un train de mesures visant \u00e0 freiner les prix de l&rsquo;immobilier qui pr\u00e9voit notamment la fin des \u00ab&nbsp;visas dor\u00e9s&nbsp;\u00bb ou la location obligatoire d&rsquo;appartements vacants depuis plus de deux ans dans les r\u00e9gions les plus peupl\u00e9es. Et, pour venir en aide \u00e0 pr\u00e8s d&rsquo;un million de familles, le gouvernement a d\u00e9cid\u00e9 la semaine derni\u00e8re de permettre aux emprunteurs de b\u00e9n\u00e9ficier d&rsquo;un taux r\u00e9duit pendant deux ans.<\/p>\n\n\n\n<p>(<em>Avec AFP<\/em>)<\/p>\n","protected":false},"excerpt":{"rendered":"<p>Le Premier ministre portugais Antonio Costa a annonc\u00e9 pour 2024 la suppression du statut de r\u00e9sident retrait\u00e9 \u00e9tranger, l\u2019une des<\/p>\n","protected":false},"author":1,"featured_media":22778,"comment_status":"open","ping_status":"open","sticky":false,"template":"","format":"standard","meta":{"footnotes":""},"categories":[3],"tags":[],"class_list":["post-22777","post","type-post","status-publish","format-standard","has-post-thumbnail","hentry","category-event-more-news"],"_links":{"self":[{"href":"https:\/\/dekkbi.com\/index.php?rest_route=\/wp\/v2\/posts\/22777","targetHints":{"allow":["GET"]}}],"collection":[{"href":"https:\/\/dekkbi.com\/index.php?rest_route=\/wp\/v2\/posts"}],"about":[{"href":"https:\/\/dekkbi.com\/index.php?rest_route=\/wp\/v2\/types\/post"}],"author":[{"embeddable":true,"href":"https:\/\/dekkbi.com\/index.php?rest_route=\/wp\/v2\/users\/1"}],"replies":[{"embeddable":true,"href":"https:\/\/dekkbi.com\/index.php?rest_route=%2Fwp%2Fv2%2Fcomments&post=22777"}],"version-history":[{"count":1,"href":"https:\/\/dekkbi.com\/index.php?rest_route=\/wp\/v2\/posts\/22777\/revisions"}],"predecessor-version":[{"id":22779,"href":"https:\/\/dekkbi.com\/index.php?rest_route=\/wp\/v2\/posts\/22777\/revisions\/22779"}],"wp:featuredmedia":[{"embeddable":true,"href":"https:\/\/dekkbi.com\/index.php?rest_route=\/wp\/v2\/media\/22778"}],"wp:attachment":[{"href":"https:\/\/dekkbi.com\/index.php?rest_route=%2Fwp%2Fv2%2Fmedia&parent=22777"}],"wp:term":[{"taxonomy":"category","embeddable":true,"href":"https:\/\/dekkbi.com\/index.php?rest_route=%2Fwp%2Fv2%2Fcategories&post=22777"},{"taxonomy":"post_tag","embeddable":true,"href":"https:\/\/dekkbi.com\/index.php?rest_route=%2Fwp%2Fv2%2Ftags&post=22777"}],"curies":[{"name":"wp","href":"https:\/\/api.w.org\/{rel}","templated":true}]}}